{"id":4101,"date":"2025-09-18T06:55:08","date_gmt":"2025-09-18T06:55:08","guid":{"rendered":"https:\/\/agroreforest.eu\/?p=4101"},"modified":"2025-09-18T06:55:11","modified_gmt":"2025-09-18T06:55:11","slug":"reforest-leads-training-hub-at-agroforestry-show-2025-at-woodoaks-farm-uk","status":"publish","type":"post","link":"https:\/\/agroreforest.eu\/nl\/reforest-leads-training-hub-at-agroforestry-show-2025-at-woodoaks-farm-uk\/","title":{"rendered":"ReForest leidt trainingshub op Agroforestry Show 2025 op Woodoaks Farm, VK"},"content":{"rendered":"<p>Het ReForest-project leidde met trots de <strong>Hub Opleiding<\/strong> op de <a href=\"https:\/\/www.agroforestryshow.com\/\">Agroforestry Show 2025<\/a>gehouden op Woodoaks Farm in het Verenigd Koninkrijk. Het evenement bracht mensen uit de praktijk, onderzoekers, adviseurs en beleidsmakers samen voor twee levendige dagen van leren en uitwisselen.<\/p>\n\n\n\n<p>Van interactieve demonstraties van tools tot lezingen door experts en ontwerpworkshops, de Hub onder leiding van ReForest trok gedurende beide dagen voortdurend belangstelling. Het was niet alleen een plek om projectresultaten en tools te verkennen, maar ook om deel te nemen aan praktische discussies over de toekomst van agroforestry in Europa.<\/p>\n\n\n\n<p>Het programma van de Training Hub bood een rijke mix van presentaties, \u00e9\u00e9n-op-\u00e9\u00e9n sessies en praktische demo's, waaronder inleidende sessies over silvoarable en silvopasture systemen, demonstraties van gereedschappen, een boomsoortenselectiesessie, financi\u00eble instrumenten gepresenteerd door DigitAF, een workshop agroforestry ontwerpen om de dag af te sluiten met praktische co-design activiteiten, en nog veel meer.<\/p>\n\n\n\n<p>De permanent bemande <strong>ReForest stand<\/strong> diende tijdens het evenement als middelpunt voor informele discussies, het delen van bronnen en het gezamenlijk oplossen van problemen.<\/p>\n\n\n\n<p>Dit evenement was opnieuw een waardevolle gelegenheid om samen te werken met ons Horizon Europe zusterproject, <a href=\"https:\/\/digitaf.eu\/\">DigitAF<\/a>met wie we de missie delen om agroforestry toegankelijk, meetbaar en schaalbaar te maken in heel Europa. De nauwe samenwerking tussen de ReForest- en DigitAF-teams zorgde voor effectieve sessies en demonstraties en, nog belangrijker, voor een op elkaar afgestemde berichtgeving, waarbij de complementaire sterke punten van beide projecten in het ondersteunen van innovatie, co-design en kennisuitwisseling naar voren kwamen.<\/p>\n\n\n\n<p>De interesse en betrokkenheid op Woodoaks Farm bevestigen dat agroforestry steeds populairder wordt als praktische en wetenschappelijk onderbouwde landbouwoplossing.<\/p>\n\n\n\n<p>ReForest zal dit momentum blijven ondersteunen door middel van open-toegangstools, beleidsbetrokkenheid en ons Europa-brede Living Lab-netwerk.<\/p>\n\n\n\n<p>Ge\u00efnteresseerd?<\/p>\n\n\n\n<p>Doe mee met onze aankomende <a href=\"https:\/\/agroreforest.eu\/nl\/event\/farmtree-advantage-practical-use-of-the-platform-to-strengthen-value-chains-and-livelihoods\/\">FarmTree Gereedschap webinar<\/a> op 23 oktober 2025!<\/p>\n\n\n\n<div class=\"wp-block-columns is-layout-flex wp-container-core-columns-is-layout-28f84493 wp-block-columns-is-layout-flex\">\n<div class=\"wp-block-column is-layout-flow wp-block-column-is-layout-flow\">\n<figure class=\"wp-block-image size-full\"><img fetchpriority=\"high\" decoding=\"async\" width=\"436\" height=\"327\" src=\"https:\/\/agroreforest.eu\/wp-content\/uploads\/2025\/09\/ReForest-Leads-Training-Hub-at-Agroforestry-Show-2025-at-Woodoaks-Farm-UK-1.jpg\" alt=\"\" class=\"wp-image-4102\" srcset=\"https:\/\/agroreforest.eu\/wp-content\/uploads\/2025\/09\/ReForest-Leads-Training-Hub-at-Agroforestry-Show-2025-at-Woodoaks-Farm-UK-1.jpg 436w, https:\/\/agroreforest.eu\/wp-content\/uploads\/2025\/09\/ReForest-Leads-Training-Hub-at-Agroforestry-Show-2025-at-Woodoaks-Farm-UK-1-300x225.jpg 300w, https:\/\/agroreforest.eu\/wp-content\/uploads\/2025\/09\/ReForest-Leads-Training-Hub-at-Agroforestry-Show-2025-at-Woodoaks-Farm-UK-1-16x12.jpg 16w\" sizes=\"(max-width: 436px) 100vw, 436px\" \/><\/figure>\n<\/div>\n\n\n\n<div class=\"wp-block-column is-layout-flow wp-block-column-is-layout-flow\">\n<figure class=\"wp-block-image size-full\"><img decoding=\"async\" width=\"437\" height=\"328\" src=\"https:\/\/agroreforest.eu\/wp-content\/uploads\/2025\/09\/ReForest-Leads-Training-Hub-at-Agroforestry-Show-2025-at-Woodoaks-Farm-UK-2.jpg\" alt=\"\" class=\"wp-image-4103\" srcset=\"https:\/\/agroreforest.eu\/wp-content\/uploads\/2025\/09\/ReForest-Leads-Training-Hub-at-Agroforestry-Show-2025-at-Woodoaks-Farm-UK-2.jpg 437w, https:\/\/agroreforest.eu\/wp-content\/uploads\/2025\/09\/ReForest-Leads-Training-Hub-at-Agroforestry-Show-2025-at-Woodoaks-Farm-UK-2-300x225.jpg 300w, https:\/\/agroreforest.eu\/wp-content\/uploads\/2025\/09\/ReForest-Leads-Training-Hub-at-Agroforestry-Show-2025-at-Woodoaks-Farm-UK-2-16x12.jpg 16w\" sizes=\"(max-width: 437px) 100vw, 437px\" \/><\/figure>\n<\/div>\n\n\n\n<div class=\"wp-block-column is-layout-flow wp-block-column-is-layout-flow\">\n<figure class=\"wp-block-image size-full\"><img decoding=\"async\" width=\"434\" height=\"325\" src=\"https:\/\/agroreforest.eu\/wp-content\/uploads\/2025\/09\/ReForest-Leads-Training-Hub-at-Agroforestry-Show-2025-at-Woodoaks-Farm-UK-3.jpg\" alt=\"\" class=\"wp-image-4104\" srcset=\"https:\/\/agroreforest.eu\/wp-content\/uploads\/2025\/09\/ReForest-Leads-Training-Hub-at-Agroforestry-Show-2025-at-Woodoaks-Farm-UK-3.jpg 434w, https:\/\/agroreforest.eu\/wp-content\/uploads\/2025\/09\/ReForest-Leads-Training-Hub-at-Agroforestry-Show-2025-at-Woodoaks-Farm-UK-3-300x225.jpg 300w, https:\/\/agroreforest.eu\/wp-content\/uploads\/2025\/09\/ReForest-Leads-Training-Hub-at-Agroforestry-Show-2025-at-Woodoaks-Farm-UK-3-16x12.jpg 16w\" sizes=\"(max-width: 434px) 100vw, 434px\" \/><\/figure>\n<\/div>\n<\/div>","protected":false},"excerpt":{"rendered":"<p>The ReForest project proudly led the Training Hub at this year\u2019s Agroforestry Show 2025, held at Woodoaks Farm in the UK. The event brought together practitioners, researchers, advisors, and policymakers [&hellip;]<\/p>\n","protected":false},"author":1,"featured_media":4105,"comment_status":"closed","ping_status":"closed","sticky":false,"template":"","format":"standard","meta":{"site-sidebar-layout":"default","site-content-layout":"","ast-site-content-layout":"default","site-content-style":"default","site-sidebar-style":"default","ast-global-header-display":"","ast-banner-title-visibility":"","ast-main-header-display":"","ast-hfb-above-header-display":"","ast-hfb-below-header-display":"","ast-hfb-mobile-header-display":"","site-post-title":"","ast-breadcrumbs-content":"","ast-featured-img":"","footer-sml-layout":"","ast-disable-related-posts":"","theme-transparent-header-meta":"","adv-header-id-meta":"","stick-header-meta":"","header-above-stick-meta":"","header-main-stick-meta":"","header-below-stick-meta":"","astra-migrate-meta-layouts":"set","ast-page-background-enabled":"default","ast-page-background-meta":{"desktop":{"background-color":"","background-image":"","background-repeat":"repeat","background-position":"center center","background-size":"auto","background-attachment":"scroll","background-type":"","background-media":"","overlay-type":"","overlay-color":"","overlay-opacity":"","overlay-gradient":""},"tablet":{"background-color":"","background-image":"","background-repeat":"repeat","background-position":"center center","background-size":"auto","background-attachment":"scroll","background-type":"","background-media":"","overlay-type":"","overlay-color":"","overlay-opacity":"","overlay-gradient":""},"mobile":{"background-color":"","background-image":"","background-repeat":"repeat","background-position":"center center","background-size":"auto","background-attachment":"scroll","background-type":"","background-media":"","overlay-type":"","overlay-color":"","overlay-opacity":"","overlay-gradient":""}},"ast-content-background-meta":{"desktop":{"background-color":"var(--ast-global-color-4)","background-image":"","background-repeat":"repeat","background-position":"center center","background-size":"auto","background-attachment":"scroll","background-type":"","background-media":"","overlay-type":"","overlay-color":"","overlay-opacity":"","overlay-gradient":""},"tablet":{"background-color":"var(--ast-global-color-4)","background-image":"","background-repeat":"repeat","background-position":"center center","background-size":"auto","background-attachment":"scroll","background-type":"","background-media":"","overlay-type":"","overlay-color":"","overlay-opacity":"","overlay-gradient":""},"mobile":{"background-color":"var(--ast-global-color-4)","background-image":"","background-repeat":"repeat","background-position":"center center","background-size":"auto","background-attachment":"scroll","background-type":"","background-media":"","overlay-type":"","overlay-color":"","overlay-opacity":"","overlay-gradient":""}},"wds_primary_category":0,"footnotes":""},"categories":[1],"tags":[],"class_list":["post-4101","post","type-post","status-publish","format-standard","has-post-thumbnail","hentry","category-uncategorized"],"_links":{"self":[{"href":"https:\/\/agroreforest.eu\/nl\/wp-json\/wp\/v2\/posts\/4101","targetHints":{"allow":["GET"]}}],"collection":[{"href":"https:\/\/agroreforest.eu\/nl\/wp-json\/wp\/v2\/posts"}],"about":[{"href":"https:\/\/agroreforest.eu\/nl\/wp-json\/wp\/v2\/types\/post"}],"author":[{"embeddable":true,"href":"https:\/\/agroreforest.eu\/nl\/wp-json\/wp\/v2\/users\/1"}],"replies":[{"embeddable":true,"href":"https:\/\/agroreforest.eu\/nl\/wp-json\/wp\/v2\/comments?post=4101"}],"version-history":[{"count":1,"href":"https:\/\/agroreforest.eu\/nl\/wp-json\/wp\/v2\/posts\/4101\/revisions"}],"predecessor-version":[{"id":4106,"href":"https:\/\/agroreforest.eu\/nl\/wp-json\/wp\/v2\/posts\/4101\/revisions\/4106"}],"wp:featuredmedia":[{"embeddable":true,"href":"https:\/\/agroreforest.eu\/nl\/wp-json\/wp\/v2\/media\/4105"}],"wp:attachment":[{"href":"https:\/\/agroreforest.eu\/nl\/wp-json\/wp\/v2\/media?parent=4101"}],"wp:term":[{"taxonomy":"category","embeddable":true,"href":"https:\/\/agroreforest.eu\/nl\/wp-json\/wp\/v2\/categories?post=4101"},{"taxonomy":"post_tag","embeddable":true,"href":"https:\/\/agroreforest.eu\/nl\/wp-json\/wp\/v2\/tags?post=4101"}],"curies":[{"name":"wp","href":"https:\/\/api.w.org\/{rel}","templated":true}]}}