{"id":463,"date":"2022-09-29T11:14:40","date_gmt":"2022-09-29T11:14:40","guid":{"rendered":"https:\/\/agroreforest.eu\/?p=463"},"modified":"2023-08-09T10:16:25","modified_gmt":"2023-08-09T10:16:25","slug":"reforest-project-novel-solutions-to-deliver-multiple-objectives-food-production-carbon-capture-and-biodiversity","status":"publish","type":"post","link":"https:\/\/agroreforest.eu\/hu\/reforest-project-novel-solutions-to-deliver-multiple-objectives-food-production-carbon-capture-and-biodiversity\/","title":{"rendered":"ReForest projekt: \u00daj megold\u00e1sok az \u00e9lelmiszertermel\u00e9s, a sz\u00e9n-dioxid megk\u00f6t\u00e9se \u00e9s a biol\u00f3giai sokf\u00e9les\u00e9g n\u00f6vel\u00e9se \u00e9rdek\u00e9ben"},"content":{"rendered":"<div data-elementor-type=\"wp-post\" data-elementor-id=\"463\" class=\"elementor elementor-463\" data-elementor-post-type=\"post\">\n\t\t\t\t\t\t<section class=\"elementor-section elementor-top-section elementor-element elementor-element-1e1812b elementor-section-boxed elementor-section-height-default elementor-section-height-default\" data-id=\"1e1812b\" data-element_type=\"section\" data-e-type=\"section\">\n\t\t\t\t\t\t<div class=\"elementor-container elementor-column-gap-default\">\n\t\t\t\t\t<div class=\"elementor-column elementor-col-100 elementor-top-column elementor-element elementor-element-2558466\" data-id=\"2558466\" data-element_type=\"column\" data-e-type=\"column\">\n\t\t\t<div class=\"elementor-widget-wrap elementor-element-populated\">\n\t\t\t\t\t\t<div class=\"elementor-element elementor-element-2e6ab81 elementor-widget elementor-widget-heading\" data-id=\"2e6ab81\" data-element_type=\"widget\" data-e-type=\"widget\" data-widget_type=\"heading.default\">\n\t\t\t\t<div class=\"elementor-widget-container\">\n\t\t\t\t\t<h4 class=\"elementor-heading-title elementor-size-default\">A ReForest projekt hivatalosan 2022. j\u00falius 1-j\u00e9n indult, a KoM-ot pedig szeptember 12-13-\u00e1n tartott\u00e1k Pr\u00e1g\u00e1ban.<\/h4>\t\t\t\t<\/div>\n\t\t\t\t<\/div>\n\t\t\t\t<div class=\"elementor-element elementor-element-54e11c4 elementor-widget elementor-widget-text-editor\" data-id=\"54e11c4\" data-element_type=\"widget\" data-e-type=\"widget\" data-widget_type=\"text-editor.default\">\n\t\t\t\t<div class=\"elementor-widget-container\">\n\t\t\t\t\t\t\t\t\t<p><img decoding=\"async\" class=\"alignnone size-medium wp-image-287\" src=\"https:\/\/agroreforest.eu\/wp-content\/uploads\/2022\/09\/ReFOREST_logo_horizontal-300x61.png\" alt=\"\" width=\"300\" height=\"61\" srcset=\"https:\/\/agroreforest.eu\/wp-content\/uploads\/2022\/09\/ReFOREST_logo_horizontal-300x61.png 300w, https:\/\/agroreforest.eu\/wp-content\/uploads\/2022\/09\/ReFOREST_logo_horizontal-1024x208.png 1024w, https:\/\/agroreforest.eu\/wp-content\/uploads\/2022\/09\/ReFOREST_logo_horizontal-768x156.png 768w, https:\/\/agroreforest.eu\/wp-content\/uploads\/2022\/09\/ReFOREST_logo_horizontal-18x4.png 18w, https:\/\/agroreforest.eu\/wp-content\/uploads\/2022\/09\/ReFOREST_logo_horizontal-180x37.png 180w, https:\/\/agroreforest.eu\/wp-content\/uploads\/2022\/09\/ReFOREST_logo_horizontal.png 1156w\" sizes=\"(max-width: 300px) 100vw, 300px\" \/><\/p>\t\t\t\t\t\t\t\t<\/div>\n\t\t\t\t<\/div>\n\t\t\t\t<div class=\"elementor-element elementor-element-8c3dfaf elementor-widget elementor-widget-text-editor\" data-id=\"8c3dfaf\" data-element_type=\"widget\" data-e-type=\"widget\" data-widget_type=\"text-editor.default\">\n\t\t\t\t<div class=\"elementor-widget-container\">\n\t\t\t\t\t\t\t\t\t<p>A REFOREST (Agroforestry at the forefront of farming sustainability in multifunctional landscapes in Europe), a Horizont Eur\u00f3pa program keret\u00e9ben az EU \"Land, ocean and water for climate Action\" (F\u00f6ld, \u00f3ce\u00e1n \u00e9s v\u00edz az \u00e9ghajlatv\u00e1ltoz\u00e1s elleni k\u00fczdelem) keret\u00e9ben finansz\u00edrozott projekt c\u00e9lja az agr\u00e1rerd\u00e9szet mint olyan f\u00f6ldhaszn\u00e1lati forma n\u00e9pszer\u0171s\u00edt\u00e9se, amely az \u00f6kol\u00f3giai fenntarthat\u00f3s\u00e1g fenntart\u00e1sa mellett lehet\u0151v\u00e9 teszi az \u00e9lelmiszertermel\u00e9st.<\/p><p>A REFOREST alapelvei az innov\u00e1ci\u00f3, a tud\u00e1scsere \u00e9s az \u00fajszer\u0171 megold\u00e1sok l\u00e9trehoz\u00e1sa, amelyek lehet\u0151v\u00e9 teszik az eur\u00f3pai \u00e9s a t\u00e1rsult orsz\u00e1gok gazd\u00e1lkod\u00f3inak, hogy t\u00f6bbf\u00e9le c\u00e9lt is el\u00e9rjenek: az \u00e9lelmiszertermel\u00e9st, a sz\u00e9n-dioxid megk\u00f6t\u00e9s\u00e9t \u00e9s a biol\u00f3giai sokf\u00e9les\u00e9g fejleszt\u00e9s\u00e9t.<\/p><p><em>\"Tudjuk, hogy az agr\u00e1rerd\u00e9szet nagyon j\u00f3 alternat\u00edv\u00e1ja a modern mez\u0151gazdas\u00e1gi monokult\u00far\u00e1knak, projekt\u00fcnk c\u00e9lja, hogy megk\u00f6nny\u00edts\u00fck a bevezet\u00e9s\u00e9t Eur\u00f3p\u00e1ban.\"<\/em><\/p><p><em>Martin Luk\u00e1\u010d, REFOREST koordin\u00e1tor<\/em><\/p><p>A 10 eur\u00f3pai orsz\u00e1gb\u00f3l 14, multidiszciplin\u00e1ris szak\u00e9rtelemmel rendelkez\u0151 partnert t\u00f6m\u00f6r\u00edt\u0151 REFOREST alapvet\u0151 c\u00e9lja, hogy a m\u00e9rs\u00e9kelt \u00e9g\u00f6vi agroerd\u00e9szeti rendszerekkel kapcsolatos megl\u00e9v\u0151 ismereteket felhaszn\u00e1lva k\u00f6z\u00f6sen dolgozzanak ki megold\u00e1sokat azokra a f\u0151 akad\u00e1lyokra, amelyek akad\u00e1lyozz\u00e1k e f\u00f6ldhaszn\u00e1lati t\u00edpus sz\u00e9lesebb k\u00f6r\u0171 elterjed\u00e9s\u00e9t az EU \u00e9s a t\u00e1rsult orsz\u00e1gok mez\u0151gazdas\u00e1gi termel\u0151i k\u00f6r\u00e9ben. A strat\u00e9giai c\u00e9l az agr\u00e1rerd\u00e9szet \u00e9s az \u00e9lelmiszertermel\u00e9s fenntarthat\u00f3s\u00e1g\u00e1nak fokoz\u00e1sa a sz\u00e9n-dioxid \u00e9s a biol\u00f3giai sokf\u00e9les\u00e9g \u00e9rt\u00e9k\u00e9nek a mez\u0151gazdas\u00e1gi \u00fczleti modellekbe t\u00f6rt\u00e9n\u0151 be\u00e9p\u00edt\u00e9s\u00e9vel. A projekt ny\u00edlt tudom\u00e1nyos megk\u00f6zel\u00edt\u00e9st alkalmaz az agroerd\u00e9szet val\u00f3s \u00f6kol\u00f3giai, gazdas\u00e1gi \u00e9s t\u00e1rsadalmi potenci\u00e1lj\u00e1nak \u00e9s korl\u00e1tainak bemutat\u00e1s\u00e1ra a d\u00f6nt\u00e9shozatali, ellen\u0151rz\u00e9si \u00e9s p\u00e9nz\u00fcgyi t\u00e1mogat\u00e1si eszk\u00f6z\u00f6kben.<\/p>\t\t\t\t\t\t\t\t<\/div>\n\t\t\t\t<\/div>\n\t\t\t\t\t<\/div>\n\t\t<\/div>\n\t\t\t\t\t<\/div>\n\t\t<\/section>\n\t\t\t\t<\/div>","protected":false},"excerpt":{"rendered":"<p>ReForest Project officially started on the 1st of July 2022 and the KoM was held on 12-13 September in Prague REFOREST (Agroforestry at the forefront of farming sustainability in multifunctional [&hellip;]<\/p>\n","protected":false},"author":1,"featured_media":465,"comment_status":"closed","ping_status":"closed","sticky":false,"template":"","format":"standard","meta":{"site-sidebar-layout":"default","site-content-layout":"","ast-site-content-layout":"default","site-content-style":"default","site-sidebar-style":"default","ast-global-header-display":"","ast-banner-title-visibility":"","ast-main-header-display":"","ast-hfb-above-header-display":"","ast-hfb-below-header-display":"","ast-hfb-mobile-header-display":"","site-post-title":"","ast-breadcrumbs-content":"","ast-featured-img":"","footer-sml-layout":"","ast-disable-related-posts":"","theme-transparent-header-meta":"","adv-header-id-meta":"","stick-header-meta":"","header-above-stick-meta":"","header-main-stick-meta":"","header-below-stick-meta":"","astra-migrate-meta-layouts":"default","ast-page-background-enabled":"default","ast-page-background-meta":{"desktop":{"background-color":"","background-image":"","background-repeat":"repeat","background-position":"center center","background-size":"auto","background-attachment":"scroll","background-type":"","background-media":"","overlay-type":"","overlay-color":"","overlay-opacity":"","overlay-gradient":""},"tablet":{"background-color":"","background-image":"","background-repeat":"repeat","background-position":"center center","background-size":"auto","background-attachment":"scroll","background-type":"","background-media":"","overlay-type":"","overlay-color":"","overlay-opacity":"","overlay-gradient":""},"mobile":{"background-color":"","background-image":"","background-repeat":"repeat","background-position":"center center","background-size":"auto","background-attachment":"scroll","background-type":"","background-media":"","overlay-type":"","overlay-color":"","overlay-opacity":"","overlay-gradient":""}},"ast-content-background-meta":{"desktop":{"background-color":"var(--ast-global-color-4)","background-image":"","background-repeat":"repeat","background-position":"center center","background-size":"auto","background-attachment":"scroll","background-type":"","background-media":"","overlay-type":"","overlay-color":"","overlay-opacity":"","overlay-gradient":""},"tablet":{"background-color":"var(--ast-global-color-4)","background-image":"","background-repeat":"repeat","background-position":"center center","background-size":"auto","background-attachment":"scroll","background-type":"","background-media":"","overlay-type":"","overlay-color":"","overlay-opacity":"","overlay-gradient":""},"mobile":{"background-color":"var(--ast-global-color-4)","background-image":"","background-repeat":"repeat","background-position":"center center","background-size":"auto","background-attachment":"scroll","background-type":"","background-media":"","overlay-type":"","overlay-color":"","overlay-opacity":"","overlay-gradient":""}},"wds_primary_category":0,"footnotes":""},"categories":[1],"tags":[],"class_list":["post-463","post","type-post","status-publish","format-standard","has-post-thumbnail","hentry","category-uncategorized"],"_links":{"self":[{"href":"https:\/\/agroreforest.eu\/hu\/wp-json\/wp\/v2\/posts\/463","targetHints":{"allow":["GET"]}}],"collection":[{"href":"https:\/\/agroreforest.eu\/hu\/wp-json\/wp\/v2\/posts"}],"about":[{"href":"https:\/\/agroreforest.eu\/hu\/wp-json\/wp\/v2\/types\/post"}],"author":[{"embeddable":true,"href":"https:\/\/agroreforest.eu\/hu\/wp-json\/wp\/v2\/users\/1"}],"replies":[{"embeddable":true,"href":"https:\/\/agroreforest.eu\/hu\/wp-json\/wp\/v2\/comments?post=463"}],"version-history":[{"count":10,"href":"https:\/\/agroreforest.eu\/hu\/wp-json\/wp\/v2\/posts\/463\/revisions"}],"predecessor-version":[{"id":890,"href":"https:\/\/agroreforest.eu\/hu\/wp-json\/wp\/v2\/posts\/463\/revisions\/890"}],"wp:featuredmedia":[{"embeddable":true,"href":"https:\/\/agroreforest.eu\/hu\/wp-json\/wp\/v2\/media\/465"}],"wp:attachment":[{"href":"https:\/\/agroreforest.eu\/hu\/wp-json\/wp\/v2\/media?parent=463"}],"wp:term":[{"taxonomy":"category","embeddable":true,"href":"https:\/\/agroreforest.eu\/hu\/wp-json\/wp\/v2\/categories?post=463"},{"taxonomy":"post_tag","embeddable":true,"href":"https:\/\/agroreforest.eu\/hu\/wp-json\/wp\/v2\/tags?post=463"}],"curies":[{"name":"wp","href":"https:\/\/api.w.org\/{rel}","templated":true}]}}