{"id":4082,"date":"2025-09-15T10:53:30","date_gmt":"2025-09-15T10:53:30","guid":{"rendered":"https:\/\/agroreforest.eu\/?p=4082"},"modified":"2025-09-15T10:53:30","modified_gmt":"2025-09-15T10:53:30","slug":"reforest-4th-project-meeting-in-the-uk-aligning-efforts-for-lasting-impact","status":"publish","type":"post","link":"https:\/\/agroreforest.eu\/fr\/reforest-4th-project-meeting-in-the-uk-aligning-efforts-for-lasting-impact\/","title":{"rendered":"4e r\u00e9union du projet ReForest au Royaume-Uni : Aligner les efforts pour un impact durable"},"content":{"rendered":"<p>Alors que le projet ReForest entre dans sa derni\u00e8re ann\u00e9e cruciale, des partenaires de toute l'Europe se sont r\u00e9unis au Royaume-Uni \u00e0 l'occasion de la 4e \u00e9dition de la conf\u00e9rence de l'Union europ\u00e9enne sur les for\u00eats.<sup>th<\/sup> La r\u00e9union du consortium a permis d'intensifier la collaboration et de pr\u00e9parer les derni\u00e8res \u00e9tapes de la mise en \u0153uvre. Cette r\u00e9union, qui s'est d\u00e9roul\u00e9e dans un esprit de partage et d'optimisme, a marqu\u00e9 un moment important pour la coordination et l'\u00e9change strat\u00e9giques.<\/p>\n\n\n\n<p>Dans le but d'acc\u00e9l\u00e9rer l'adoption de pratiques agroforesti\u00e8res dans toute l'Europe, la r\u00e9union s'est concentr\u00e9e sur l'alignement des prochaines \u00e9tapes et sur l'obtention d'un impact tangible pour les agriculteurs, les propri\u00e9taires terriens, les d\u00e9cideurs politiques et d'autres parties prenantes cl\u00e9s.<\/p>\n\n\n\n<p>Les discussions au sein du consortium ont port\u00e9 sur la r\u00e9alisation des objectifs fondamentaux de ReForest :<\/p>\n\n\n\n<ul class=\"wp-block-list\">\n<li><strong>Renforcer les communaut\u00e9s agroforesti\u00e8res<\/strong> par l'interm\u00e9diaire des laboratoires vivants mis en place et en \u00e9largissant la participation au niveau local.<\/li>\n\n\n\n<li><strong>D\u00e9velopper et affiner la plateforme d'engagement ReForest<\/strong>Il s'agit d'une ressource num\u00e9rique essentielle qui favorise l'interaction, le partage des connaissances et l'acc\u00e8s aux outils.<\/li>\n\n\n\n<li><strong>Pr\u00e9sentation des r\u00e9sultats sur les performances du syst\u00e8me AF<\/strong> et en analysant sa productivit\u00e9, sa rentabilit\u00e9, ses performances en mati\u00e8re de carbone et de biodiversit\u00e9, ainsi qu'en donnant un aper\u00e7u des obstacles institutionnels et des politiques de soutien.<\/li>\n\n\n\n<li><strong>Poursuite des travaux sur les outils ReForest, <\/strong>y compris FarmTree, la carte de l'agriculture biologique en Europe, l'outil de gestion des biens publics, l'estimateur de carbone et de biodiversit\u00e9, l'outil de gestion dynamique des syst\u00e8mes d'agriculture biologique au niveau de l'exploitation.<\/li>\n\n\n\n<li><strong>Coordonner les actions de diffusion<\/strong> pour une visibilit\u00e9 et un impact maximums, y compris des webinaires, des ateliers, des notes politiques et la participation \u00e0 des \u00e9v\u00e9nements de haut niveau d'ici la fin du projet.<\/li>\n<\/ul>\n\n\n\n<p>Avec une \u00e9nergie renouvel\u00e9e et une conviction partag\u00e9e, le consortium ReForest va de l'avant, anim\u00e9 par la conviction que l'agroforesterie n'est pas seulement une m\u00e9thode, mais un mouvement croissant qui transforme les paysages \u00e0 travers l'Europe.<\/p>\n\n\n\n<div class=\"wp-block-columns is-layout-flex wp-container-core-columns-is-layout-28f84493 wp-block-columns-is-layout-flex\">\n<div class=\"wp-block-column is-layout-flow wp-block-column-is-layout-flow\">\n<figure class=\"wp-block-image size-full\"><img fetchpriority=\"high\" decoding=\"async\" width=\"452\" height=\"339\" src=\"https:\/\/agroreforest.eu\/wp-content\/uploads\/2025\/09\/ReForest-4th-Project-Meeting-in-the-UK-Aligning-Efforts-for-Lasting-Impact-1.jpg\" alt=\"\" class=\"wp-image-4083\" srcset=\"https:\/\/agroreforest.eu\/wp-content\/uploads\/2025\/09\/ReForest-4th-Project-Meeting-in-the-UK-Aligning-Efforts-for-Lasting-Impact-1.jpg 452w, https:\/\/agroreforest.eu\/wp-content\/uploads\/2025\/09\/ReForest-4th-Project-Meeting-in-the-UK-Aligning-Efforts-for-Lasting-Impact-1-300x225.jpg 300w, https:\/\/agroreforest.eu\/wp-content\/uploads\/2025\/09\/ReForest-4th-Project-Meeting-in-the-UK-Aligning-Efforts-for-Lasting-Impact-1-16x12.jpg 16w\" sizes=\"(max-width: 452px) 100vw, 452px\" \/><\/figure>\n<\/div>\n\n\n\n<div class=\"wp-block-column is-layout-flow wp-block-column-is-layout-flow\">\n<figure class=\"wp-block-image size-full\"><img decoding=\"async\" width=\"452\" height=\"339\" src=\"https:\/\/agroreforest.eu\/wp-content\/uploads\/2025\/09\/ReForest-4th-Project-Meeting-in-the-UK-Aligning-Efforts-for-Lasting-Impact-2.jpg\" alt=\"\" class=\"wp-image-4084\" srcset=\"https:\/\/agroreforest.eu\/wp-content\/uploads\/2025\/09\/ReForest-4th-Project-Meeting-in-the-UK-Aligning-Efforts-for-Lasting-Impact-2.jpg 452w, https:\/\/agroreforest.eu\/wp-content\/uploads\/2025\/09\/ReForest-4th-Project-Meeting-in-the-UK-Aligning-Efforts-for-Lasting-Impact-2-300x225.jpg 300w, https:\/\/agroreforest.eu\/wp-content\/uploads\/2025\/09\/ReForest-4th-Project-Meeting-in-the-UK-Aligning-Efforts-for-Lasting-Impact-2-16x12.jpg 16w\" sizes=\"(max-width: 452px) 100vw, 452px\" \/><\/figure>\n<\/div>\n\n\n\n<div class=\"wp-block-column is-layout-flow wp-block-column-is-layout-flow\">\n<figure class=\"wp-block-image size-full\"><img decoding=\"async\" width=\"447\" height=\"335\" src=\"https:\/\/agroreforest.eu\/wp-content\/uploads\/2025\/09\/ReForest-4th-Project-Meeting-in-the-UK-Aligning-Efforts-for-Lasting-Impact-3.jpg\" alt=\"\" class=\"wp-image-4085\" srcset=\"https:\/\/agroreforest.eu\/wp-content\/uploads\/2025\/09\/ReForest-4th-Project-Meeting-in-the-UK-Aligning-Efforts-for-Lasting-Impact-3.jpg 447w, https:\/\/agroreforest.eu\/wp-content\/uploads\/2025\/09\/ReForest-4th-Project-Meeting-in-the-UK-Aligning-Efforts-for-Lasting-Impact-3-300x225.jpg 300w, https:\/\/agroreforest.eu\/wp-content\/uploads\/2025\/09\/ReForest-4th-Project-Meeting-in-the-UK-Aligning-Efforts-for-Lasting-Impact-3-16x12.jpg 16w\" sizes=\"(max-width: 447px) 100vw, 447px\" \/><\/figure>\n<\/div>\n<\/div>","protected":false},"excerpt":{"rendered":"<p>As the ReForest project enters its crucial final year, partners from across Europe came together in the UK for the 4th consortium meeting to intensify collaboration and prepare for the [&hellip;]<\/p>\n","protected":false},"author":1,"featured_media":4086,"comment_status":"closed","ping_status":"closed","sticky":false,"template":"","format":"standard","meta":{"site-sidebar-layout":"default","site-content-layout":"","ast-site-content-layout":"default","site-content-style":"default","site-sidebar-style":"default","ast-global-header-display":"","ast-banner-title-visibility":"","ast-main-header-display":"","ast-hfb-above-header-display":"","ast-hfb-below-header-display":"","ast-hfb-mobile-header-display":"","site-post-title":"","ast-breadcrumbs-content":"","ast-featured-img":"","footer-sml-layout":"","ast-disable-related-posts":"","theme-transparent-header-meta":"","adv-header-id-meta":"","stick-header-meta":"","header-above-stick-meta":"","header-main-stick-meta":"","header-below-stick-meta":"","astra-migrate-meta-layouts":"set","ast-page-background-enabled":"default","ast-page-background-meta":{"desktop":{"background-color":"","background-image":"","background-repeat":"repeat","background-position":"center center","background-size":"auto","background-attachment":"scroll","background-type":"","background-media":"","overlay-type":"","overlay-color":"","overlay-opacity":"","overlay-gradient":""},"tablet":{"background-color":"","background-image":"","background-repeat":"repeat","background-position":"center center","background-size":"auto","background-attachment":"scroll","background-type":"","background-media":"","overlay-type":"","overlay-color":"","overlay-opacity":"","overlay-gradient":""},"mobile":{"background-color":"","background-image":"","background-repeat":"repeat","background-position":"center center","background-size":"auto","background-attachment":"scroll","background-type":"","background-media":"","overlay-type":"","overlay-color":"","overlay-opacity":"","overlay-gradient":""}},"ast-content-background-meta":{"desktop":{"background-color":"var(--ast-global-color-4)","background-image":"","background-repeat":"repeat","background-position":"center center","background-size":"auto","background-attachment":"scroll","background-type":"","background-media":"","overlay-type":"","overlay-color":"","overlay-opacity":"","overlay-gradient":""},"tablet":{"background-color":"var(--ast-global-color-4)","background-image":"","background-repeat":"repeat","background-position":"center center","background-size":"auto","background-attachment":"scroll","background-type":"","background-media":"","overlay-type":"","overlay-color":"","overlay-opacity":"","overlay-gradient":""},"mobile":{"background-color":"var(--ast-global-color-4)","background-image":"","background-repeat":"repeat","background-position":"center center","background-size":"auto","background-attachment":"scroll","background-type":"","background-media":"","overlay-type":"","overlay-color":"","overlay-opacity":"","overlay-gradient":""}},"wds_primary_category":0,"footnotes":""},"categories":[1],"tags":[],"class_list":["post-4082","post","type-post","status-publish","format-standard","has-post-thumbnail","hentry","category-uncategorized"],"_links":{"self":[{"href":"https:\/\/agroreforest.eu\/fr\/wp-json\/wp\/v2\/posts\/4082","targetHints":{"allow":["GET"]}}],"collection":[{"href":"https:\/\/agroreforest.eu\/fr\/wp-json\/wp\/v2\/posts"}],"about":[{"href":"https:\/\/agroreforest.eu\/fr\/wp-json\/wp\/v2\/types\/post"}],"author":[{"embeddable":true,"href":"https:\/\/agroreforest.eu\/fr\/wp-json\/wp\/v2\/users\/1"}],"replies":[{"embeddable":true,"href":"https:\/\/agroreforest.eu\/fr\/wp-json\/wp\/v2\/comments?post=4082"}],"version-history":[{"count":1,"href":"https:\/\/agroreforest.eu\/fr\/wp-json\/wp\/v2\/posts\/4082\/revisions"}],"predecessor-version":[{"id":4087,"href":"https:\/\/agroreforest.eu\/fr\/wp-json\/wp\/v2\/posts\/4082\/revisions\/4087"}],"wp:featuredmedia":[{"embeddable":true,"href":"https:\/\/agroreforest.eu\/fr\/wp-json\/wp\/v2\/media\/4086"}],"wp:attachment":[{"href":"https:\/\/agroreforest.eu\/fr\/wp-json\/wp\/v2\/media?parent=4082"}],"wp:term":[{"taxonomy":"category","embeddable":true,"href":"https:\/\/agroreforest.eu\/fr\/wp-json\/wp\/v2\/categories?post=4082"},{"taxonomy":"post_tag","embeddable":true,"href":"https:\/\/agroreforest.eu\/fr\/wp-json\/wp\/v2\/tags?post=4082"}],"curies":[{"name":"wp","href":"https:\/\/api.w.org\/{rel}","templated":true}]}}