{"id":4101,"date":"2025-09-18T06:55:08","date_gmt":"2025-09-18T06:55:08","guid":{"rendered":"https:\/\/agroreforest.eu\/?p=4101"},"modified":"2025-09-18T06:55:11","modified_gmt":"2025-09-18T06:55:11","slug":"reforest-leads-training-hub-at-agroforestry-show-2025-at-woodoaks-farm-uk","status":"publish","type":"post","link":"https:\/\/agroreforest.eu\/da\/reforest-leads-training-hub-at-agroforestry-show-2025-at-woodoaks-farm-uk\/","title":{"rendered":"ReForest leder tr\u00e6ningscenter p\u00e5 Agroforestry Show 2025 p\u00e5 Woodoaks Farm i Storbritannien"},"content":{"rendered":"<p>ReForest-projektet f\u00f8rte stolt an i <strong>Tr\u00e6ningscenter<\/strong> p\u00e5 dette \u00e5rs <a href=\"https:\/\/www.agroforestryshow.com\/\">Agroforestry Show 2025<\/a>som blev afholdt p\u00e5 Woodoaks Farm i Storbritannien. Arrangementet bragte praktikere, forskere, r\u00e5dgivere og beslutningstagere sammen til to livlige dage med l\u00e6ring og udveksling.<\/p>\n\n\n\n<p>Fra interaktive v\u00e6rkt\u00f8jsdemonstrationer til ekspertforedrag og designworkshops tiltrak den ReForest-ledede hub konstant interesse i l\u00f8bet af begge dage. Det var et sted, hvor man ikke kun kunne udforske projektresultater og v\u00e6rkt\u00f8jer, men ogs\u00e5 deltage i praktiske diskussioner om fremtiden for skovlandbrug i Europa.<\/p>\n\n\n\n<p>Training Hub-programmet b\u00f8d p\u00e5 en rig blanding af pr\u00e6sentationer, en-til-en-sessioner og praktiske demonstrationer, herunder introduktionssessioner om systemer med silvoarable og silvopasture, v\u00e6rkt\u00f8jsdemonstrationer, en session om valg af tr\u00e6arter, finansielle v\u00e6rkt\u00f8jer pr\u00e6senteret af DigitAF, en workshop om agroforestry-design som afslutning p\u00e5 dagen med praktiske co-design-aktiviteter og meget mere.<\/p>\n\n\n\n<p>Den permanent bemandede <strong>ReForest-stander<\/strong> fungerede som et knudepunkt for uformel diskussion, deling af ressourcer og f\u00e6lles probleml\u00f8sning under hele arrangementet.<\/p>\n\n\n\n<p>Denne begivenhed markerede endnu en v\u00e6rdifuld mulighed for at samarbejde med vores Horizon Europe-s\u00f8sterprojekt, <a href=\"https:\/\/digitaf.eu\/\">DigitAF<\/a>med hvem vi deler en mission om at g\u00f8re agroforestry tilg\u00e6ngeligt, m\u00e5lbart og skalerbart i hele Europa. Den t\u00e6tte koordinering mellem ReForest- og DigitAF-teamene gav effektive sessioner og demonstrationer og, endnu vigtigere, tilpassede budskaber, der fremh\u00e6vede begge projekters komplement\u00e6re styrker i forhold til at st\u00f8tte innovation, co-design og vidensudveksling.<\/p>\n\n\n\n<p>Interessen og engagementet p\u00e5 Woodoaks Farm bekr\u00e6fter, at agroforestry er ved at vinde indpas som en praktisk og videnskabeligt underbygget landbrugsl\u00f8sning.<\/p>\n\n\n\n<p>ReForest vil forts\u00e6tte med at st\u00f8tte dette momentum gennem open access-v\u00e6rkt\u00f8jer, politisk engagement og vores Europa-d\u00e6kkende Living Lab-netv\u00e6rk.<\/p>\n\n\n\n<p>Er du interesseret?<\/p>\n\n\n\n<p>Deltag i vores kommende <a href=\"https:\/\/agroreforest.eu\/da\/event\/farmtree-advantage-practical-use-of-the-platform-to-strengthen-value-chains-and-livelihoods\/\">FarmTree Tool webinar<\/a> den 23. oktober 2025!<\/p>\n\n\n\n<div class=\"wp-block-columns is-layout-flex wp-container-core-columns-is-layout-28f84493 wp-block-columns-is-layout-flex\">\n<div class=\"wp-block-column is-layout-flow wp-block-column-is-layout-flow\">\n<figure class=\"wp-block-image size-full\"><img fetchpriority=\"high\" decoding=\"async\" width=\"436\" height=\"327\" src=\"https:\/\/agroreforest.eu\/wp-content\/uploads\/2025\/09\/ReForest-Leads-Training-Hub-at-Agroforestry-Show-2025-at-Woodoaks-Farm-UK-1.jpg\" alt=\"\" class=\"wp-image-4102\" srcset=\"https:\/\/agroreforest.eu\/wp-content\/uploads\/2025\/09\/ReForest-Leads-Training-Hub-at-Agroforestry-Show-2025-at-Woodoaks-Farm-UK-1.jpg 436w, https:\/\/agroreforest.eu\/wp-content\/uploads\/2025\/09\/ReForest-Leads-Training-Hub-at-Agroforestry-Show-2025-at-Woodoaks-Farm-UK-1-300x225.jpg 300w, https:\/\/agroreforest.eu\/wp-content\/uploads\/2025\/09\/ReForest-Leads-Training-Hub-at-Agroforestry-Show-2025-at-Woodoaks-Farm-UK-1-16x12.jpg 16w\" sizes=\"(max-width: 436px) 100vw, 436px\" \/><\/figure>\n<\/div>\n\n\n\n<div class=\"wp-block-column is-layout-flow wp-block-column-is-layout-flow\">\n<figure class=\"wp-block-image size-full\"><img decoding=\"async\" width=\"437\" height=\"328\" src=\"https:\/\/agroreforest.eu\/wp-content\/uploads\/2025\/09\/ReForest-Leads-Training-Hub-at-Agroforestry-Show-2025-at-Woodoaks-Farm-UK-2.jpg\" alt=\"\" class=\"wp-image-4103\" srcset=\"https:\/\/agroreforest.eu\/wp-content\/uploads\/2025\/09\/ReForest-Leads-Training-Hub-at-Agroforestry-Show-2025-at-Woodoaks-Farm-UK-2.jpg 437w, https:\/\/agroreforest.eu\/wp-content\/uploads\/2025\/09\/ReForest-Leads-Training-Hub-at-Agroforestry-Show-2025-at-Woodoaks-Farm-UK-2-300x225.jpg 300w, https:\/\/agroreforest.eu\/wp-content\/uploads\/2025\/09\/ReForest-Leads-Training-Hub-at-Agroforestry-Show-2025-at-Woodoaks-Farm-UK-2-16x12.jpg 16w\" sizes=\"(max-width: 437px) 100vw, 437px\" \/><\/figure>\n<\/div>\n\n\n\n<div class=\"wp-block-column is-layout-flow wp-block-column-is-layout-flow\">\n<figure class=\"wp-block-image size-full\"><img decoding=\"async\" width=\"434\" height=\"325\" src=\"https:\/\/agroreforest.eu\/wp-content\/uploads\/2025\/09\/ReForest-Leads-Training-Hub-at-Agroforestry-Show-2025-at-Woodoaks-Farm-UK-3.jpg\" alt=\"\" class=\"wp-image-4104\" srcset=\"https:\/\/agroreforest.eu\/wp-content\/uploads\/2025\/09\/ReForest-Leads-Training-Hub-at-Agroforestry-Show-2025-at-Woodoaks-Farm-UK-3.jpg 434w, https:\/\/agroreforest.eu\/wp-content\/uploads\/2025\/09\/ReForest-Leads-Training-Hub-at-Agroforestry-Show-2025-at-Woodoaks-Farm-UK-3-300x225.jpg 300w, https:\/\/agroreforest.eu\/wp-content\/uploads\/2025\/09\/ReForest-Leads-Training-Hub-at-Agroforestry-Show-2025-at-Woodoaks-Farm-UK-3-16x12.jpg 16w\" sizes=\"(max-width: 434px) 100vw, 434px\" \/><\/figure>\n<\/div>\n<\/div>","protected":false},"excerpt":{"rendered":"<p>The ReForest project proudly led the Training Hub at this year\u2019s Agroforestry Show 2025, held at Woodoaks Farm in the UK. The event brought together practitioners, researchers, advisors, and policymakers [&hellip;]<\/p>\n","protected":false},"author":1,"featured_media":4105,"comment_status":"closed","ping_status":"closed","sticky":false,"template":"","format":"standard","meta":{"site-sidebar-layout":"default","site-content-layout":"","ast-site-content-layout":"default","site-content-style":"default","site-sidebar-style":"default","ast-global-header-display":"","ast-banner-title-visibility":"","ast-main-header-display":"","ast-hfb-above-header-display":"","ast-hfb-below-header-display":"","ast-hfb-mobile-header-display":"","site-post-title":"","ast-breadcrumbs-content":"","ast-featured-img":"","footer-sml-layout":"","ast-disable-related-posts":"","theme-transparent-header-meta":"","adv-header-id-meta":"","stick-header-meta":"","header-above-stick-meta":"","header-main-stick-meta":"","header-below-stick-meta":"","astra-migrate-meta-layouts":"set","ast-page-background-enabled":"default","ast-page-background-meta":{"desktop":{"background-color":"","background-image":"","background-repeat":"repeat","background-position":"center center","background-size":"auto","background-attachment":"scroll","background-type":"","background-media":"","overlay-type":"","overlay-color":"","overlay-opacity":"","overlay-gradient":""},"tablet":{"background-color":"","background-image":"","background-repeat":"repeat","background-position":"center center","background-size":"auto","background-attachment":"scroll","background-type":"","background-media":"","overlay-type":"","overlay-color":"","overlay-opacity":"","overlay-gradient":""},"mobile":{"background-color":"","background-image":"","background-repeat":"repeat","background-position":"center center","background-size":"auto","background-attachment":"scroll","background-type":"","background-media":"","overlay-type":"","overlay-color":"","overlay-opacity":"","overlay-gradient":""}},"ast-content-background-meta":{"desktop":{"background-color":"var(--ast-global-color-4)","background-image":"","background-repeat":"repeat","background-position":"center center","background-size":"auto","background-attachment":"scroll","background-type":"","background-media":"","overlay-type":"","overlay-color":"","overlay-opacity":"","overlay-gradient":""},"tablet":{"background-color":"var(--ast-global-color-4)","background-image":"","background-repeat":"repeat","background-position":"center center","background-size":"auto","background-attachment":"scroll","background-type":"","background-media":"","overlay-type":"","overlay-color":"","overlay-opacity":"","overlay-gradient":""},"mobile":{"background-color":"var(--ast-global-color-4)","background-image":"","background-repeat":"repeat","background-position":"center center","background-size":"auto","background-attachment":"scroll","background-type":"","background-media":"","overlay-type":"","overlay-color":"","overlay-opacity":"","overlay-gradient":""}},"wds_primary_category":0,"footnotes":""},"categories":[1],"tags":[],"class_list":["post-4101","post","type-post","status-publish","format-standard","has-post-thumbnail","hentry","category-uncategorized"],"_links":{"self":[{"href":"https:\/\/agroreforest.eu\/da\/wp-json\/wp\/v2\/posts\/4101","targetHints":{"allow":["GET"]}}],"collection":[{"href":"https:\/\/agroreforest.eu\/da\/wp-json\/wp\/v2\/posts"}],"about":[{"href":"https:\/\/agroreforest.eu\/da\/wp-json\/wp\/v2\/types\/post"}],"author":[{"embeddable":true,"href":"https:\/\/agroreforest.eu\/da\/wp-json\/wp\/v2\/users\/1"}],"replies":[{"embeddable":true,"href":"https:\/\/agroreforest.eu\/da\/wp-json\/wp\/v2\/comments?post=4101"}],"version-history":[{"count":1,"href":"https:\/\/agroreforest.eu\/da\/wp-json\/wp\/v2\/posts\/4101\/revisions"}],"predecessor-version":[{"id":4106,"href":"https:\/\/agroreforest.eu\/da\/wp-json\/wp\/v2\/posts\/4101\/revisions\/4106"}],"wp:featuredmedia":[{"embeddable":true,"href":"https:\/\/agroreforest.eu\/da\/wp-json\/wp\/v2\/media\/4105"}],"wp:attachment":[{"href":"https:\/\/agroreforest.eu\/da\/wp-json\/wp\/v2\/media?parent=4101"}],"wp:term":[{"taxonomy":"category","embeddable":true,"href":"https:\/\/agroreforest.eu\/da\/wp-json\/wp\/v2\/categories?post=4101"},{"taxonomy":"post_tag","embeddable":true,"href":"https:\/\/agroreforest.eu\/da\/wp-json\/wp\/v2\/tags?post=4101"}],"curies":[{"name":"wp","href":"https:\/\/api.w.org\/{rel}","templated":true}]}}