{"id":3526,"date":"2025-01-08T10:07:56","date_gmt":"2025-01-08T10:07:56","guid":{"rendered":"https:\/\/agroreforest.eu\/?p=3526"},"modified":"2025-01-08T10:07:57","modified_gmt":"2025-01-08T10:07:57","slug":"news-from-the-living-lab-in-belgium-glimpse-at-the-fascinating-agroforestry-event-farming-with-trees-the-road-to-2035","status":"publish","type":"post","link":"https:\/\/agroreforest.eu\/cs\/news-from-the-living-lab-in-belgium-glimpse-at-the-fascinating-agroforestry-event-farming-with-trees-the-road-to-2035\/","title":{"rendered":"Novinky z Living Lab v Belgii - pohled na fascinuj\u00edc\u00ed agrolesnickou akci \"Zem\u011bd\u011blstv\u00ed se stromy: cesta do roku 2035"},"content":{"rendered":"<p>Dne 15.<sup>th<\/sup> \u0159\u00edjna 2024 se v ILVO konala agrolesnick\u00e1 ud\u00e1lost roku: \"Zem\u011bd\u011blstv\u00ed se stromy: cesta do roku 2035\". V\u00edce ne\u017e 200 zem\u011bd\u011blc\u016f, v\u00fdzkumn\u00fdch pracovn\u00edk\u016f, tv\u016frc\u016f politik a dal\u0161\u00edch z\u00fa\u010dastn\u011bn\u00fdch stran se se\u0161lo, aby diskutovali o budoucnosti agrolesnictv\u00ed ve Flandrech. Akce se konala u p\u0159\u00edle\u017eitosti 10 let v\u00fdzkumu konsorcia Agroforestry Flanders, jeho\u017e \u010dlenem je i spole\u010dnost Inagro, a zam\u011b\u0159ila se na dal\u0161\u00ed rozvoj agrolesnictv\u00ed do roku 2035. P\u0159in\u00e1\u0161\u00edme v\u00e1m n\u011bkolik d\u016fle\u017eit\u00fdch informac\u00ed, v\u010detn\u011b v\u0161ech prezentac\u00ed a vide\u00ed, kter\u00e9 byly p\u0159edm\u011btem jedn\u00e1n\u00ed.<\/p>\n\n\n\n<p><strong>Nov\u00e1 p\u0159\u00edru\u010dka - Prok\u00e1zan\u00e9 v\u00fdhody agrolesnictv\u00ed<\/strong><\/p>\n\n\n\n<p>V uplynul\u00e9m desetilet\u00ed partne\u0159i konsorcia Agroforestry Consortium Flanders. <strong>spolupracoval na v\u00edce ne\u017e 20 projektech<\/strong> zam\u011b\u0159en\u00e9 na v\u00fdzkum, v\u00fdm\u011bnu znalost\u00ed, vzd\u011bl\u00e1vac\u00ed s\u00edt\u011b, podporu zem\u011bd\u011blsk\u00fdch podnik\u016f, rozvoj politiky a prov\u00e1d\u011bn\u00ed v praxi. To p\u0159ineslo v\u00fdznamn\u00e9 \u00fadaje o vlivu strom\u016f na produkci plodin, kvalitu p\u016fdy, ukl\u00e1d\u00e1n\u00ed uhl\u00edku, biologickou rozmanitost a ziskovost. Krom\u011b toho konsorcium <strong>vytvo\u0159il znalostn\u00ed listy, digit\u00e1ln\u00ed n\u00e1stroje pro podporu rozhodov\u00e1n\u00ed, online \u0161kolic\u00ed moduly a agrolesnickou mapu.<\/strong>, kter\u00e9 jsou v\u0161echny obsa\u017eeny v p\u0159\u00edru\u010dce.<\/p>\n\n\n\n<p>Po deseti letech v\u00fdzkumu <strong>p\u0159\u00ednosy agrolesnictv\u00ed jsou jasn\u00e9<\/strong>:<\/p>\n\n\n\n<p>- a\u017e 7 tun dodate\u010dn\u00e9ho ukl\u00e1d\u00e1n\u00ed CO\u2082 na hektar za rok.<\/p>\n\n\n\n<p>- ochrann\u00e9 mikroklima<\/p>\n\n\n\n<p>- lep\u0161\u00ed hospoda\u0159en\u00ed s vodou<\/p>\n\n\n\n<p>- zv\u00fd\u0161en\u00e1 biologick\u00e1 rozmanitost<\/p>\n\n\n\n<p>- a vy\u0161\u0161\u00ed celkovou produktivitu. P\u0159esto\u017ee v\u00fdnosy plodin mohou v d\u016fsledku konkurence strom\u016f klesnout v pr\u016fm\u011bru o 20%, je tato ztr\u00e1ta kompenzov\u00e1na p\u0159\u00ednosem strom\u016f k p\u0159izp\u016fsoben\u00ed se klimatu a produkci d\u0159eva, o\u0159ech\u016f a ovoce. Agrolesnictv\u00ed tak\u00e9 vytv\u00e1\u0159\u00ed p\u0159\u00edle\u017eitosti pro nov\u00e9 zdroje p\u0159\u00edjm\u016f, jako je m\u00edstn\u00ed produkce o\u0159ech\u016f, ovocn\u00fdch \u0161\u0165\u00e1v a mo\u0161t\u016f.<\/p>\n\n\n\n<p><a href=\"https:\/\/zenodo.org\/records\/13907300\">Manu\u00e1ln\u00ed <em>Agrolesnictv\u00ed ve Flandrech 2014-2024: Pr\u016fvodce po deseti letech v\u00fdzkumu a praxe<\/em>.<\/a><\/p>\n\n\n\n<p><strong>Hlavn\u00ed p\u0159edn\u00e1\u0161ka a panelov\u00e1 diskuse<\/strong><\/p>\n\n\n\n<p>Mark Shepard, americk\u00fd pr\u016fkopn\u00edk regenerativn\u00edho zem\u011bd\u011blstv\u00ed, zah\u00e1jil den inspirativn\u00ed p\u0159edn\u00e1\u0161kou o hospoda\u0159en\u00ed s vodou a \u00faloze agrolesnictv\u00ed p\u0159i p\u0159izp\u016fsobov\u00e1n\u00ed se klimatu. Shepard zd\u016fraznil v\u00fdznam strom\u016f p\u0159i zadr\u017eov\u00e1n\u00ed vody a vytv\u00e1\u0159en\u00ed odoln\u00fdch zem\u011bd\u011blsk\u00fdch syst\u00e9m\u016f.<\/p>\n\n\n\n<p>Panelov\u00e9 diskuse se z\u00fa\u010dastnili odborn\u00edci, mezi nimi\u017e byli Elise Van Broeckhoven (Plukboerderij Grondig), Nico Vandervelpen (Hoeve De Peinwinning) a Franky Bossuyt (VUB). Zkoumali v\u00fdzvy a p\u0159\u00edle\u017eitosti v oblasti agrolesnictv\u00ed a zab\u00fdvali se t\u00edm, jak mohou legislativa, politika a trhy l\u00e9pe podporovat zem\u011bd\u011blce, kte\u0159\u00ed cht\u011bj\u00ed agrolesnictv\u00ed uplat\u0148ovat ve sv\u00fdch zem\u011bd\u011blsk\u00fdch postupech.<\/p>\n\n\n\n<ul class=\"wp-block-list\">\n<li><a href=\"https:\/\/vimeo.com\/1020542160?share=copy#t=0\"><em>Pod\u00edvejte se na kl\u00ed\u010dovou p\u0159edn\u00e1\u0161ku Marka Sheparda<\/em><\/a><\/li>\n\n\n\n<li><a href=\"https:\/\/vimeo.com\/1020605463\"><em>Pod\u00edvejte se na panelovou diskusi<\/em><\/a><\/li>\n<\/ul>\n\n\n\n<p><strong>Workshopy: Praktick\u00e9 poznatky a n\u00e1stroje<\/strong><\/p>\n\n\n\n<p>Sou\u010d\u00e1st\u00ed akce byla tak\u00e9 \u0159ada interaktivn\u00edch workshop\u016f, kter\u00e9 \u00fa\u010dastn\u00edk\u016fm poskytly praktick\u00e9 znalosti o r\u016fzn\u00fdch aspektech agrolesnictv\u00ed:<\/p>\n\n\n\n<p>AGROLESNICTV\u00cd A POLITIKA: P\u0158\u00cdLE\u017dITOSTI A V\u00ddZVY<\/p>\n\n\n\n<p>Tento semin\u00e1\u0159 se zam\u011b\u0159il na pr\u00e1vn\u00ed a politick\u00e9 probl\u00e9my spojen\u00e9 s agrolesnictv\u00edm. \u00da\u010dastn\u00edci z\u00edskali poznatky ze sousedn\u00edch zem\u00ed a spolupracovali na n\u00e1vrz\u00edch \u0159e\u0161en\u00ed, kter\u00e1 by mohla odstranit p\u0159ek\u00e1\u017eky pro zem\u011bd\u011blce. Diskutovalo se tak\u00e9 o pot\u0159eb\u011b experiment\u00e1ln\u00ed flexibility a podpory pr\u016fkopnick\u00fdch zem\u011bd\u011blc\u016f.<\/p>\n\n\n\n<ul class=\"wp-block-list\">\n<li><a href=\"https:\/\/inagro.be\/sites\/default\/files\/media\/files\/2024-10\/Agroforestry_Boerenmetbomen_Workshop%20Beleid_AFevent_20241015.pdf\"><em>Prezentace z\u00e1sad semin\u00e1\u0159e<\/em><\/a><\/li>\n\n\n\n<li><a href=\"https:\/\/inagro.be\/sites\/default\/files\/media\/files\/2024-10\/ANN-Beleid%20Nederlandse%20insteek.pdf\"><em>Prezentace politiky workshopu - nizozemsk\u00e1 perspektiva<\/em><\/a><\/li>\n<\/ul>\n\n\n\n<p>POU\u017dIT\u00cd AGROLESNICK\u00c9HO PL\u00c1NOVA\u010cE<\/p>\n\n\n\n<p>\u00da\u010dastn\u00edci se nau\u010dili pou\u017e\u00edvat Agroforestry Planner, n\u00e1stroj pro podporu rozhodov\u00e1n\u00ed p\u0159i p\u0159\u00edprav\u011b vlastn\u00edch agrolesnick\u00fdch projekt\u016f. N\u00e1stroj pom\u00e1h\u00e1 p\u0159i v\u00fdb\u011bru druh\u016f strom\u016f, prov\u00e1d\u011bn\u00ed anal\u00fdz n\u00e1klad\u016f a p\u0159\u00ednos\u016f a odhadu potenci\u00e1lu ukl\u00e1d\u00e1n\u00ed uhl\u00edku.<\/p>\n\n\n\n<ul class=\"wp-block-list\">\n<li><a href=\"https:\/\/inagro.be\/sites\/default\/files\/media\/files\/2024-10\/Agroforestry_Boerenmetbomen_WorkshopTools_AFevent_20241015.pdf\"><em>Prezentace n\u00e1stroj\u016f workshopu<\/em><\/a><\/li>\n<\/ul>\n\n\n\n<p>V\u00ddZKUM A REGENERATIVN\u00cd ZEM\u011aD\u011aLSTV\u00cd<\/p>\n\n\n\n<p>Mark Shepard se p\u0159ipojil k v\u00fdzkumn\u00fdm pracovn\u00edk\u016fm a diskutoval o budoucnosti agrolesnictv\u00ed a regenerativn\u00edho zem\u011bd\u011blstv\u00ed. Semin\u00e1\u0159 se zam\u011b\u0159il na hospoda\u0159en\u00ed s vodou a v\u00fdznam pokra\u010duj\u00edc\u00edch investic do agrolesnick\u00e9ho v\u00fdzkumu pro rozvoj odoln\u00fdch zem\u011bd\u011blsk\u00fdch syst\u00e9m\u016f.<\/p>\n\n\n\n<p>Spole\u010dnost Inagro se t\u00edmto t\u00e9matem velmi zab\u00fdv\u00e1. N\u00e1\u0161 projekt AFaktive zd\u016fraz\u0148uje, \u017ee agrolesnictv\u00ed je kl\u00ed\u010dem ke zlep\u0161en\u00ed hospoda\u0159en\u00ed s vodou a p\u0159izp\u016fsoben\u00ed se extr\u00e9mn\u00edm pov\u011btrnostn\u00edm podm\u00ednk\u00e1m.<\/p>\n\n\n\n<ul class=\"wp-block-list\">\n<li><a href=\"https:\/\/inagro.be\/sites\/default\/files\/media\/files\/2024-10\/Agroforestry_Boerenmetbomen_WorkshopMarkSheppard_AFevent_20241015.pdf\"><em>Workshop V\u00fdzkum a regenerativn\u00ed zem\u011bd\u011blstv\u00ed Prezentace<\/em><\/a><\/li>\n<\/ul>\n\n\n\n<p>FINAN\u010cN\u00cd STR\u00c1NKA AGROLESNICTV\u00cd<\/p>\n\n\n\n<p>Tento semin\u00e1\u0159 se zab\u00fdval ziskovost\u00ed agrolesnictv\u00ed a mo\u017en\u00fdmi modely p\u0159\u00edjm\u016f. \u00da\u010dastn\u00edci diskutovali o probl\u00e9mech s p\u0159\u00edstupem agrolesnick\u00fdch produkt\u016f na trh a zkoumali zp\u016fsoby, jak mohou zem\u011bd\u011blci zm\u00edrnit rizika diverzifikac\u00ed sortimentu (nap\u0159. d\u0159evo, o\u0159echy, ovoce).<\/p>\n\n\n\n<ul class=\"wp-block-list\">\n<li><a href=\"https:\/\/inagro.be\/sites\/default\/files\/media\/files\/2024-10\/Agroforestry_Boerenmetbomen_Workshopfinancien_AFevent_20241015.pdf\"><em>Prezentace o financ\u00edch na semin\u00e1\u0159i<\/em><\/a><\/li>\n<\/ul>\n\n\n\n<p>VZD\u011aL\u00c1VAC\u00cd S\u00cdT\u011a V AGROLESNICTV\u00cd<\/p>\n\n\n\n<p>Na tomto zased\u00e1n\u00ed byly p\u0159ibl\u00ed\u017eeny zku\u0161enosti s u\u010debn\u00edmi s\u00edt\u011bmi, v nich\u017e si zem\u011bd\u011blci a v\u00fdzkumn\u00ed pracovn\u00edci vym\u011b\u0148uj\u00ed znalosti. D\u016fraz byl kladen na podporu spolupr\u00e1ce a podporu zem\u011bd\u011blc\u016f b\u011bhem jejich agrolesnick\u00e9 cesty.<\/p>\n\n\n\n<ul class=\"wp-block-list\">\n<li><a href=\"https:\/\/inagro.be\/sites\/default\/files\/media\/files\/2024-10\/Agroforestry_Boerenmetbomen_WorkshopLerendenetwerken_AFevent_20241015.pdf\"><em>Workshop S\u00edt\u011b u\u010den\u00ed Prezentace<\/em><\/a><\/li>\n<\/ul>\n\n\n\n<p>N\u00c1V\u0160T\u011aVY V TER\u00c9NU<\/p>\n\n\n\n<p>B\u011bhem n\u00e1v\u0161t\u011bvy v ter\u00e9nu si \u00fa\u010dastn\u00edci prohl\u00e9dli jednu z experiment\u00e1ln\u00edch agrolesnick\u00fdch lokalit v ILVO. Tato v\u00fdm\u011bna znalost\u00ed je sou\u010d\u00e1st\u00ed projektu REFOREST spole\u010dnosti Inagro, jeho\u017e c\u00edlem je roz\u0161\u00ed\u0159it zav\u00e1d\u011bn\u00ed agrolesnictv\u00ed a odstranit p\u0159ek\u00e1\u017eky br\u00e1n\u00edc\u00ed jeho roz\u0161\u00ed\u0159en\u00ed v cel\u00e9 Evrop\u011b.<\/p>\n\n\n\n<p>V n\u00ed\u017ee uveden\u00fdch vide\u00edch v\u00e1s zavedeme nejen na experiment\u00e1ln\u00ed pracovi\u0161t\u011b v Ilvo, ale tak\u00e9 na pracovi\u0161t\u011b v Inagro a v Praktijkpunt Vlaams-Brabant:<\/p>\n\n\n\n<ul class=\"wp-block-list\">\n<li><a href=\"https:\/\/www.agroforestryvlaanderen.be\/nl\/experimentele-sites\"><em>Videa z experiment\u00e1ln\u00edch m\u00edst (ILVO, Inagro a Praktijkpunt Vlaams-Brabant).<\/em><\/a><\/li>\n<\/ul>\n\n\n\n<p><strong>Velvyslanci agrolesnictv\u00ed<\/strong><\/p>\n\n\n\n<p>V pr\u016fb\u011bhu akce byli v centru pozornosti t\u0159i velvyslanci agrolesnictv\u00ed, kte\u0159\u00ed se zaslou\u017eili o rozvoj agrolesnictv\u00ed ve Flandrech:<\/p>\n\n\n\n<ul class=\"wp-block-list\">\n<li>Jeroen Watt\u00e9 - b\u00fdval\u00fd zam\u011bstnanec spole\u010dnosti Wervel, kter\u00fd se jako agroekolog z\u00e1sadn\u00edm zp\u016fsobem pod\u00edlel na zav\u00e1d\u011bn\u00ed agrolesnictv\u00ed ve Flandrech. Mnoho let p\u016fsobil jako \u010dlen p\u0159edstavenstva EURAF a nyn\u00ed je zprost\u0159edkovatelem inovac\u00ed v oblasti agroekologie.<\/li>\n\n\n\n<li>Louis-Marie Tennstedt &amp; Wouter De Stecker - Louis-Marie je pr\u016fkopn\u00edkem lesnick\u00fdch a agrolesnick\u00fdch postup\u016f na rodinn\u00e9 farm\u011b 4SE v Pajottenlandu, zat\u00edmco Wouter pokra\u010duje v jejich odkazu inovativn\u00edmi pozemky a odr\u016fdami strom\u016f.<\/li>\n\n\n\n<li>Daphne Ruigrokov\u00e1 - poradkyn\u011b pro prov\u00e1d\u011bn\u00ed politiky v Agentu\u0159e pro zem\u011bd\u011blstv\u00ed a rybolov, kter\u00e1 hraje kl\u00ed\u010dovou roli p\u0159i veden\u00ed zem\u011bd\u011blc\u016f p\u0159i zav\u00e1d\u011bn\u00ed agrolesnictv\u00ed a propojov\u00e1n\u00ed politiky a praxe.<\/li>\n<\/ul>\n\n\n\n<p><strong>Pl\u00e1n do roku 2035 a dal\u0161\u00ed kroky<\/strong><\/p>\n\n\n\n<p>Na z\u00e1v\u011br akce byl p\u0159edstaven pl\u00e1n, kter\u00fd popisuje kroky pot\u0159ebn\u00e9 k rozvoji agrolesnictv\u00ed ve Flandrech. P\u011bt oblast\u00ed, na kter\u00e9 se zam\u011b\u0159uje, zahrnuje v\u00fdzkum, politiku, vzd\u011bl\u00e1v\u00e1n\u00ed, ekonomiku a soci\u00e1ln\u00ed anga\u017eovanost. Mezi kl\u00ed\u010dov\u00e9 n\u00e1vrhy pat\u0159\u00ed poskytnut\u00ed v\u011bt\u0161\u00ed experiment\u00e1ln\u00ed flexibility pr\u016fkopn\u00edk\u016fm, spravedliv\u00e9 ceny agrolesnick\u00fdch produkt\u016f a dal\u0161\u00ed rozvoj politiky v oblasti ekosyst\u00e9mov\u00fdch slu\u017eeb.<\/p>\n\n\n\n<p>D\u00edky poznatk\u016fm z\u00edskan\u00fdm z v\u00fdzkumu a dostupn\u00fdm praktick\u00fdm n\u00e1stroj\u016fm maj\u00ed vl\u00e1m\u0161t\u00ed zem\u011bd\u011blci dobr\u00e9 p\u0159edpoklady k tomu, aby u\u010dinili v\u00fdznamn\u00fd krok sm\u011brem k udr\u017eiteln\u011bj\u0161\u00edmu a odoln\u011bj\u0161\u00edmu zem\u011bd\u011blsk\u00e9mu syst\u00e9mu. Akce zd\u016fraznila multifunk\u010dnost agrolesnictv\u00ed a pot\u0159ebu podpo\u0159it prost\u0159ed\u00ed, kter\u00e9 zem\u011bd\u011blc\u016fm umo\u017en\u00ed za\u010dlenit tuto praxi do jejich \u010dinnosti.<\/p>\n\n\n\n<ul class=\"wp-block-list\">\n<li><a href=\"https:\/\/ilvo.vlaanderen.be\/uploads\/documents\/Agroforestry\/Roadmap-stimulerende-omgeving-agroforestry-Vlaanderen.pdf\"><em>Pl\u00e1n cesty<\/em><\/a><\/li>\n<\/ul>\n\n\n\n<figure class=\"wp-block-gallery has-nested-images columns-default is-cropped wp-block-gallery-2 is-layout-flex wp-block-gallery-is-layout-flex\">\n<figure data-wp-context=\"{&quot;imageId&quot;:&quot;69ef25217e77a&quot;}\" data-wp-interactive=\"core\/image\" data-wp-key=\"69ef25217e77a\" class=\"wp-block-image size-large wp-lightbox-container\"><img fetchpriority=\"high\" decoding=\"async\" width=\"443\" height=\"296\" data-wp-class--hide=\"state.isContentHidden\" data-wp-class--show=\"state.isContentVisible\" data-wp-init=\"callbacks.setButtonStyles\" data-wp-on--click=\"actions.showLightbox\" data-wp-on--load=\"callbacks.setButtonStyles\" data-wp-on-window--resize=\"callbacks.setButtonStyles\" data-id=\"3529\" src=\"https:\/\/agroreforest.eu\/wp-content\/uploads\/2025\/01\/News-from-the-Living-Lab-in-Belgium-1.jpg\" alt=\"\" class=\"wp-image-3529\" srcset=\"https:\/\/agroreforest.eu\/wp-content\/uploads\/2025\/01\/News-from-the-Living-Lab-in-Belgium-1.jpg 443w, https:\/\/agroreforest.eu\/wp-content\/uploads\/2025\/01\/News-from-the-Living-Lab-in-Belgium-1-300x200.jpg 300w, https:\/\/agroreforest.eu\/wp-content\/uploads\/2025\/01\/News-from-the-Living-Lab-in-Belgium-1-18x12.jpg 18w\" sizes=\"(max-width: 443px) 100vw, 443px\" \/><button\n\t\t\tclass=\"lightbox-trigger\"\n\t\t\ttype=\"button\"\n\t\t\taria-haspopup=\"dialog\"\n\t\t\taria-label=\"Zv\u011bt\u0161it\"\n\t\t\tdata-wp-init=\"callbacks.initTriggerButton\"\n\t\t\tdata-wp-on--click=\"actions.showLightbox\"\n\t\t\tdata-wp-style--right=\"state.imageButtonRight\"\n\t\t\tdata-wp-style--top=\"state.imageButtonTop\"\n\t\t>\n\t\t\t<svg xmlns=\"http:\/\/www.w3.org\/2000\/svg\" width=\"12\" height=\"12\" fill=\"none\" viewbox=\"0 0 12 12\">\n\t\t\t\t<path fill=\"#fff\" d=\"M2 0a2 2 0 0 0-2 2v2h1.5V2a.5.5 0 0 1 .5-.5h2V0H2Zm2 10.5H2a.5.5 0 0 1-.5-.5V8H0v2a2 2 0 0 0 2 2h2v-1.5ZM8 12v-1.5h2a.5.5 0 0 0 .5-.5V8H12v2a2 2 0 0 1-2 2H8Zm2-12a2 2 0 0 1 2 2v2h-1.5V2a.5.5 0 0 0-.5-.5H8V0h2Z\" \/>\n\t\t\t<\/svg>\n\t\t<\/button><\/figure>\n\n\n\n<figure data-wp-context=\"{&quot;imageId&quot;:&quot;69ef25217e9f4&quot;}\" data-wp-interactive=\"core\/image\" data-wp-key=\"69ef25217e9f4\" class=\"wp-block-image size-large wp-lightbox-container\"><img decoding=\"async\" width=\"447\" height=\"298\" data-wp-class--hide=\"state.isContentHidden\" data-wp-class--show=\"state.isContentVisible\" data-wp-init=\"callbacks.setButtonStyles\" data-wp-on--click=\"actions.showLightbox\" data-wp-on--load=\"callbacks.setButtonStyles\" data-wp-on-window--resize=\"callbacks.setButtonStyles\" data-id=\"3528\" src=\"https:\/\/agroreforest.eu\/wp-content\/uploads\/2025\/01\/News-from-the-Living-Lab-in-Belgium-2.jpg\" alt=\"\" class=\"wp-image-3528\" srcset=\"https:\/\/agroreforest.eu\/wp-content\/uploads\/2025\/01\/News-from-the-Living-Lab-in-Belgium-2.jpg 447w, https:\/\/agroreforest.eu\/wp-content\/uploads\/2025\/01\/News-from-the-Living-Lab-in-Belgium-2-300x200.jpg 300w, https:\/\/agroreforest.eu\/wp-content\/uploads\/2025\/01\/News-from-the-Living-Lab-in-Belgium-2-18x12.jpg 18w\" sizes=\"(max-width: 447px) 100vw, 447px\" \/><button\n\t\t\tclass=\"lightbox-trigger\"\n\t\t\ttype=\"button\"\n\t\t\taria-haspopup=\"dialog\"\n\t\t\taria-label=\"Zv\u011bt\u0161it\"\n\t\t\tdata-wp-init=\"callbacks.initTriggerButton\"\n\t\t\tdata-wp-on--click=\"actions.showLightbox\"\n\t\t\tdata-wp-style--right=\"state.imageButtonRight\"\n\t\t\tdata-wp-style--top=\"state.imageButtonTop\"\n\t\t>\n\t\t\t<svg xmlns=\"http:\/\/www.w3.org\/2000\/svg\" width=\"12\" height=\"12\" fill=\"none\" viewbox=\"0 0 12 12\">\n\t\t\t\t<path fill=\"#fff\" d=\"M2 0a2 2 0 0 0-2 2v2h1.5V2a.5.5 0 0 1 .5-.5h2V0H2Zm2 10.5H2a.5.5 0 0 1-.5-.5V8H0v2a2 2 0 0 0 2 2h2v-1.5ZM8 12v-1.5h2a.5.5 0 0 0 .5-.5V8H12v2a2 2 0 0 1-2 2H8Zm2-12a2 2 0 0 1 2 2v2h-1.5V2a.5.5 0 0 0-.5-.5H8V0h2Z\" \/>\n\t\t\t<\/svg>\n\t\t<\/button><\/figure>\n\n\n\n<figure data-wp-context=\"{&quot;imageId&quot;:&quot;69ef25217ec45&quot;}\" data-wp-interactive=\"core\/image\" data-wp-key=\"69ef25217ec45\" class=\"wp-block-image size-large wp-lightbox-container\"><img decoding=\"async\" width=\"443\" height=\"296\" data-wp-class--hide=\"state.isContentHidden\" data-wp-class--show=\"state.isContentVisible\" data-wp-init=\"callbacks.setButtonStyles\" data-wp-on--click=\"actions.showLightbox\" data-wp-on--load=\"callbacks.setButtonStyles\" data-wp-on-window--resize=\"callbacks.setButtonStyles\" data-id=\"3527\" src=\"https:\/\/agroreforest.eu\/wp-content\/uploads\/2025\/01\/News-from-the-Living-Lab-in-Belgium-3.jpg\" alt=\"\" class=\"wp-image-3527\" srcset=\"https:\/\/agroreforest.eu\/wp-content\/uploads\/2025\/01\/News-from-the-Living-Lab-in-Belgium-3.jpg 443w, https:\/\/agroreforest.eu\/wp-content\/uploads\/2025\/01\/News-from-the-Living-Lab-in-Belgium-3-300x200.jpg 300w, https:\/\/agroreforest.eu\/wp-content\/uploads\/2025\/01\/News-from-the-Living-Lab-in-Belgium-3-18x12.jpg 18w\" sizes=\"(max-width: 443px) 100vw, 443px\" \/><button\n\t\t\tclass=\"lightbox-trigger\"\n\t\t\ttype=\"button\"\n\t\t\taria-haspopup=\"dialog\"\n\t\t\taria-label=\"Zv\u011bt\u0161it\"\n\t\t\tdata-wp-init=\"callbacks.initTriggerButton\"\n\t\t\tdata-wp-on--click=\"actions.showLightbox\"\n\t\t\tdata-wp-style--right=\"state.imageButtonRight\"\n\t\t\tdata-wp-style--top=\"state.imageButtonTop\"\n\t\t>\n\t\t\t<svg xmlns=\"http:\/\/www.w3.org\/2000\/svg\" width=\"12\" height=\"12\" fill=\"none\" viewbox=\"0 0 12 12\">\n\t\t\t\t<path fill=\"#fff\" d=\"M2 0a2 2 0 0 0-2 2v2h1.5V2a.5.5 0 0 1 .5-.5h2V0H2Zm2 10.5H2a.5.5 0 0 1-.5-.5V8H0v2a2 2 0 0 0 2 2h2v-1.5ZM8 12v-1.5h2a.5.5 0 0 0 .5-.5V8H12v2a2 2 0 0 1-2 2H8Zm2-12a2 2 0 0 1 2 2v2h-1.5V2a.5.5 0 0 0-.5-.5H8V0h2Z\" \/>\n\t\t\t<\/svg>\n\t\t<\/button><\/figure>\n<\/figure>","protected":false},"excerpt":{"rendered":"<p>On 15th of October 2024, ILVO hosted the agroforestry event of the year: \u2018Farming with trees: the road to 2035\u2019. Over 200 farmers, researchers, policymakers and other stakeholders gathered to [&hellip;]<\/p>\n","protected":false},"author":1,"featured_media":3530,"comment_status":"closed","ping_status":"closed","sticky":false,"template":"","format":"standard","meta":{"site-sidebar-layout":"default","site-content-layout":"","ast-site-content-layout":"default","site-content-style":"default","site-sidebar-style":"default","ast-global-header-display":"","ast-banner-title-visibility":"","ast-main-header-display":"","ast-hfb-above-header-display":"","ast-hfb-below-header-display":"","ast-hfb-mobile-header-display":"","site-post-title":"","ast-breadcrumbs-content":"","ast-featured-img":"","footer-sml-layout":"","ast-disable-related-posts":"","theme-transparent-header-meta":"","adv-header-id-meta":"","stick-header-meta":"","header-above-stick-meta":"","header-main-stick-meta":"","header-below-stick-meta":"","astra-migrate-meta-layouts":"set","ast-page-background-enabled":"default","ast-page-background-meta":{"desktop":{"background-color":"","background-image":"","background-repeat":"repeat","background-position":"center center","background-size":"auto","background-attachment":"scroll","background-type":"","background-media":"","overlay-type":"","overlay-color":"","overlay-opacity":"","overlay-gradient":""},"tablet":{"background-color":"","background-image":"","background-repeat":"repeat","background-position":"center center","background-size":"auto","background-attachment":"scroll","background-type":"","background-media":"","overlay-type":"","overlay-color":"","overlay-opacity":"","overlay-gradient":""},"mobile":{"background-color":"","background-image":"","background-repeat":"repeat","background-position":"center center","background-size":"auto","background-attachment":"scroll","background-type":"","background-media":"","overlay-type":"","overlay-color":"","overlay-opacity":"","overlay-gradient":""}},"ast-content-background-meta":{"desktop":{"background-color":"var(--ast-global-color-4)","background-image":"","background-repeat":"repeat","background-position":"center center","background-size":"auto","background-attachment":"scroll","background-type":"","background-media":"","overlay-type":"","overlay-color":"","overlay-opacity":"","overlay-gradient":""},"tablet":{"background-color":"var(--ast-global-color-4)","background-image":"","background-repeat":"repeat","background-position":"center center","background-size":"auto","background-attachment":"scroll","background-type":"","background-media":"","overlay-type":"","overlay-color":"","overlay-opacity":"","overlay-gradient":""},"mobile":{"background-color":"var(--ast-global-color-4)","background-image":"","background-repeat":"repeat","background-position":"center center","background-size":"auto","background-attachment":"scroll","background-type":"","background-media":"","overlay-type":"","overlay-color":"","overlay-opacity":"","overlay-gradient":""}},"wds_primary_category":0,"footnotes":""},"categories":[1],"tags":[],"class_list":["post-3526","post","type-post","status-publish","format-standard","has-post-thumbnail","hentry","category-uncategorized"],"_links":{"self":[{"href":"https:\/\/agroreforest.eu\/cs\/wp-json\/wp\/v2\/posts\/3526","targetHints":{"allow":["GET"]}}],"collection":[{"href":"https:\/\/agroreforest.eu\/cs\/wp-json\/wp\/v2\/posts"}],"about":[{"href":"https:\/\/agroreforest.eu\/cs\/wp-json\/wp\/v2\/types\/post"}],"author":[{"embeddable":true,"href":"https:\/\/agroreforest.eu\/cs\/wp-json\/wp\/v2\/users\/1"}],"replies":[{"embeddable":true,"href":"https:\/\/agroreforest.eu\/cs\/wp-json\/wp\/v2\/comments?post=3526"}],"version-history":[{"count":1,"href":"https:\/\/agroreforest.eu\/cs\/wp-json\/wp\/v2\/posts\/3526\/revisions"}],"predecessor-version":[{"id":3531,"href":"https:\/\/agroreforest.eu\/cs\/wp-json\/wp\/v2\/posts\/3526\/revisions\/3531"}],"wp:featuredmedia":[{"embeddable":true,"href":"https:\/\/agroreforest.eu\/cs\/wp-json\/wp\/v2\/media\/3530"}],"wp:attachment":[{"href":"https:\/\/agroreforest.eu\/cs\/wp-json\/wp\/v2\/media?parent=3526"}],"wp:term":[{"taxonomy":"category","embeddable":true,"href":"https:\/\/agroreforest.eu\/cs\/wp-json\/wp\/v2\/categories?post=3526"},{"taxonomy":"post_tag","embeddable":true,"href":"https:\/\/agroreforest.eu\/cs\/wp-json\/wp\/v2\/tags?post=3526"}],"curies":[{"name":"wp","href":"https:\/\/api.w.org\/{rel}","templated":true}]}}