{"id":3700,"date":"2025-03-07T12:41:50","date_gmt":"2025-03-07T12:41:50","guid":{"rendered":"https:\/\/agroreforest.eu\/?p=3700"},"modified":"2025-03-12T13:59:32","modified_gmt":"2025-03-12T13:59:32","slug":"reforest-at-the-2nd-european-carbon-farming-summit-shaping-the-future-of-agroforestry-in-carbon-farming","status":"publish","type":"post","link":"http:\/\/agroreforest.eu\/hu\/reforest-at-the-2nd-european-carbon-farming-summit-shaping-the-future-of-agroforestry-in-carbon-farming\/","title":{"rendered":"ReForest a 2. Eur\u00f3pai Sz\u00e9n-dioxid-gazd\u00e1lkod\u00e1si Cs\u00facstal\u00e1lkoz\u00f3n: Az agr\u00e1rerd\u00e9szet j\u00f6v\u0151j\u00e9nek alak\u00edt\u00e1sa a sz\u00e9n-dioxid-gazd\u00e1lkod\u00e1sban"},"content":{"rendered":"<p>A sz\u00e9n-dioxid-gazd\u00e1lkod\u00e1s gyorsan fejl\u0151dik, mint <strong>kulcsfontoss\u00e1g\u00fa \u00e9ghajlati cselekv\u00e9si eszk\u00f6z<\/strong>, \u00e9s az agr\u00e1rerd\u00e9szet ma m\u00e1r hivatalosan is elismert az EU sz\u00e9n-dioxid-kibocs\u00e1t\u00e1s tan\u00fas\u00edt\u00e1si keretrendelet\u00e9ben (2024\/3012). Ugyanakkor hiteles, \u00e1tl\u00e1that\u00f3 \u00e9s gyakorlatias m\u00f3dszereket kell biztos\u00edtani a <strong>Monitoring, jelent\u00e9st\u00e9tel \u00e9s ellen\u0151rz\u00e9s (MRV)<\/strong> tov\u00e1bbra is az egyik legnagyobb kih\u00edv\u00e1s a sz\u00e9n-dioxid-piacok \u00e9s a szakpolitik\u00e1k v\u00e9grehajt\u00e1sa el\u0151tt.<\/p>\n\n\n\n<p>E keretrendszer kialak\u00edt\u00e1s\u00e1hoz val\u00f3 hozz\u00e1j\u00e1rul\u00e1s \u00e9rdek\u00e9ben a ReForest akt\u00edv szerepet j\u00e1tszott a <strong>Eur\u00f3pai sz\u00e9n-dioxid-gazd\u00e1lkod\u00e1si cs\u00facstal\u00e1lkoz\u00f3<\/strong> (2025. m\u00e1rcius 4-6., Dublin), amely kulcsfontoss\u00e1g\u00fa platformk\u00e9nt szolg\u00e1lt a k\u00f6vetkez\u0151k \u00f6sszehangol\u00e1s\u00e1hoz <strong>tudom\u00e1ny, politika \u00e9s gyakorlat<\/strong>, biztos\u00edtva, hogy a sz\u00e9nalap\u00fa gazd\u00e1lkod\u00e1s val\u00f3di el\u0151ny\u00f6kkel j\u00e1rjon a gazd\u00e1lkod\u00f3k, a k\u00f6rnyezet \u00e9s a t\u00e1rsadalom eg\u00e9sze sz\u00e1m\u00e1ra.<\/p>\n\n\n\n<p><strong>ReForest az MRV workshopon<\/strong><\/p>\n\n\n\n<p>K\u00e9pviseli Dr. Rico H\u00fcbner a k\u00f6vetkez\u0151 c\u00e9gt\u0151l <a href=\"https:\/\/agroforst-info.de\/\">DeFAF<\/a>, ReForest r\u00e9szt vett a <strong>workshop az agr\u00e1r-erd\u00e9szeti sz\u00e9n-dioxid-gazd\u00e1lkod\u00e1si rendszerek MRV-j\u00e9r\u0151l<\/strong>. Az \u00fcl\u00e9s a <strong>EURAF tipol\u00f3gia<\/strong> az agr\u00e1r-erd\u00e9szeti rendszerekr\u0151l, \u00e9s megvizsg\u00e1lt\u00e1k, hogy hogyan lehet <strong>a sz\u00e9n-dioxid-kibocs\u00e1t\u00e1s sz\u00e1mszer\u0171s\u00edt\u00e9se, v\u00e9grehajt\u00e1sa \u00e9s fenntart\u00e1sa<\/strong> a regenerat\u00edv mez\u0151gazdas\u00e1g t\u00e1gabb keretein bel\u00fcl.<\/p>\n\n\n\n<p>Dr. Rico H\u00fcbner el\u0151ad\u00e1sa a k\u00f6vetkez\u0151k \u00e9rt\u00e9kel\u00e9s\u00e9r\u0151l <strong>a talaj \u00e9s a biomassza sz\u00e9n-dioxid t\u00e1rol\u00e1sa<\/strong> Az el\u0151ad\u00e1s meger\u0151s\u00edtette a cs\u00facstal\u00e1lkoz\u00f3 egyik legfontosabb \u00fczenet\u00e9t: a mez\u0151gazdas\u00e1g \u00e9ghajlati el\u0151nyeinek maximaliz\u00e1l\u00e1sa \u00e9rdek\u00e9ben a sz\u00e9n-dioxid-megk\u00f6t\u00e9si potenci\u00e1l felm\u00e9r\u00e9s\u00e9nek tudom\u00e1nyos m\u00f3dszerei szabv\u00e1nyos\u00edtott, m\u00e9retezhet\u0151 \u00e9s k\u00f6lts\u00e9ghat\u00e9kony m\u00f3dszereket kell alkalmazni.<\/p>\n\n\n\n<p>A megbesz\u00e9l\u00e9sek sor\u00e1n nyert felismer\u00e9sek hozz\u00e1j\u00e1rulnak a k\u00f6vetkez\u0151kh\u00f6z <strong>k\u00f6zelg\u0151 EURAF politikai t\u00e1j\u00e9koztat\u00f3k<\/strong> az agr\u00e1r-erd\u00e9szet \u00e9s a sz\u00e9n-dioxid-kibocs\u00e1t\u00e1ssal j\u00e1r\u00f3 gazd\u00e1lkod\u00e1s, a <strong>az uni\u00f3s szakpolitik\u00e1k fejleszt\u00e9s\u00e9nek k\u00f6vetkez\u0151 szakasza<\/strong>.<\/p>\n\n\n\n<p><strong>Az agr\u00e1rerd\u00e9szet t\u00e1rshasznainak m\u00e9r\u00e9se: Colin Tosh poszterbemutat\u00f3ja<\/strong><\/p>\n\n\n\n<p>A cs\u00facstal\u00e1lkoz\u00f3 r\u00e9szek\u00e9nt <strong>poszter szekci\u00f3<\/strong>, a ReForest fontos szempontokat adott a t\u00e1v\u00e9rz\u00e9kel\u00e9s \u00e9s a g\u00e9pi tanul\u00e1s haszn\u00e1lat\u00e1r\u00f3l az agr\u00e1r-erd\u00e9szet MRV-rendszereinek jav\u00edt\u00e1sa \u00e9rdek\u00e9ben. Colin Tosh poszter\u00e9n a multispektr\u00e1lis m\u0171holdfelv\u00e9teleken k\u00e9pzett g\u00e9pi tanul\u00e1si modelleket mutatott be, amelyek lehet\u0151v\u00e9 teszik a talaj szerves sz\u00e9nj\u00e9nek \u00e9s biol\u00f3giai sokf\u00e9les\u00e9g\u00e9nek automatiz\u00e1lt felt\u00e9rk\u00e9pez\u00e9s\u00e9t az eur\u00f3pai agr\u00e1r-erd\u00e9szeti gazdas\u00e1gokban.<\/p>\n\n\n\n<p>A ReForest projekt keret\u00e9ben v\u00e9gzett kutat\u00e1s a sz\u00e9n-dioxid-gazd\u00e1lkod\u00e1s egyik legfontosabb gazdas\u00e1gi \u00e9s technikai akad\u00e1ly\u00e1val foglalkozik: az MRV-tev\u00e9kenys\u00e9gek magas k\u00f6lts\u00e9geivel. A technol\u00f3gi\u00e1t a ReForest Living Lab gazdas\u00e1gokban alkalmazt\u00e1k, ahol k\u00f6lts\u00e9ghat\u00e9kony, m\u00e9retezhet\u0151 megold\u00e1st k\u00edn\u00e1l a gazd\u00e1lkod\u00f3k, kutat\u00f3k \u00e9s d\u00f6nt\u00e9shoz\u00f3k sz\u00e1m\u00e1ra, akik az agr\u00e1rerd\u00e9szet sz\u00e9n-dioxid-el\u0151nyeit k\u00edv\u00e1nj\u00e1k \u00e9rt\u00e9kelni.<\/p>\n\n\n\n<p>A poszter az agr\u00e1rerd\u00e9szetnek az \u00f6kol\u00f3giai regener\u00e1ci\u00f3ban bet\u00f6lt\u00f6tt sz\u00e9lesebb k\u00f6r\u0171 szerep\u00e9t is kiemelte. A sz\u00e9n-dioxid-megk\u00f6t\u00e9sen t\u00fal a modellek seg\u00edtenek nyomon k\u00f6vetni a biol\u00f3giai sokf\u00e9les\u00e9g n\u00f6veked\u00e9s\u00e9t, ami a sz\u00e9n-dioxid-piacokon gyakran figyelmen k\u00edv\u00fcl hagyott szempont.<\/p>\n\n\n\n<p>A cs\u00facstal\u00e1lkoz\u00f3 sor\u00e1n visszat\u00e9r\u0151 t\u00e9ma volt a <strong>rendszerszint\u0171 megk\u00f6zel\u00edt\u00e9s sz\u00fcks\u00e9gess\u00e9ge<\/strong> a sz\u00e9n-dioxid-gazd\u00e1lkod\u00e1shoz. Ahogy a Project Credible rendezv\u00e9ny szervez\u0151i \u00f6sszefoglalt\u00e1k, a sz\u00e9n-dioxid-gazd\u00e1lkod\u00e1s a k\u00f6vetkez\u0151 <strong>nem csak a sz\u00e9n-dioxidr\u00f3l <\/strong>- a mez\u0151gazdas\u00e1g \u00e1talak\u00edt\u00e1sa a regenerat\u00edvabb, rugalmasabb \u00e9s fenntarthat\u00f3bb gyakorlatok ir\u00e1ny\u00e1ba. A t\u00e1rsadalmi, k\u00f6rnyezeti \u00e9s gazdas\u00e1gi dimenzi\u00f3kat egyar\u00e1nt figyelembe kell venni, \u00e9s <strong>agroerd\u00e9szet<\/strong> egyed\u00fcl\u00e1ll\u00f3 m\u00f3don k\u00e9pes \u00e1thidalni ezeket a szempontokat.<\/p>\n\n\n\n<p>Ugyanakkor azt is felismert\u00e9k, hogy <strong>jelent\u0151s hi\u00e1nyoss\u00e1gok maradnak<\/strong> a sz\u00e9n-dioxid-gazd\u00e1lkod\u00e1si politik\u00e1k kialak\u00edt\u00e1s\u00e1ban \u00e9s a sz\u00e9n-dioxid-gazd\u00e1lkod\u00e1s siker\u00e9ben <strong>v\u00e9gs\u0151 soron att\u00f3l f\u00fcgg, hogy a gazd\u00e1k<\/strong> akik a f\u00f6ldet gondozz\u00e1k, szerepelnek.<\/p>\n\n\n\n<p><strong>A ReForest tov\u00e1bbra is elk\u00f6telezett<\/strong> annak biztos\u00edt\u00e1sa \u00e9rdek\u00e9ben, hogy az agr\u00e1rerd\u00e9szet k\u00f6zponti szerepet j\u00e1tsszon Eur\u00f3pa sz\u00e9n-dioxid-kibocs\u00e1t\u00e1si strat\u00e9gi\u00e1j\u00e1ban, \u00e9s olyan integr\u00e1lt megk\u00f6zel\u00edt\u00e9seknek szenteli mag\u00e1t, amelyek elismerik a sz\u00e9n-dioxid-kibocs\u00e1t\u00e1s \u00e9s a sz\u00e9n-dioxid-kibocs\u00e1t\u00e1s cs\u00f6kkent\u00e9s\u00e9nek <strong>az agr\u00e1r-erd\u00e9szet teljes \u00e9rt\u00e9ke<\/strong>.<\/p>\n\n\n\n<p><a href=\"https:\/\/agroreforest.eu\/wp-content\/uploads\/2025\/03\/Ricos-presentation.pdf\">Let\u00f6lt\u00e9s <\/a>Dr. Rico H\u00fcbner el\u0151ad\u00e1sa a talaj \u00e9s a biomassza \u00e9rt\u00e9kel\u00e9s\u00e9r\u0151l <\/p>\n\n\n\n<p><a href=\"https:\/\/agroreforest.eu\/wp-content\/uploads\/2025\/03\/tosh-et-al-carbon-farming-March-2025-v2.pdf\">Let\u00f6lt\u00e9s<\/a><a href=\"https:\/\/agroreforest.eu\/wp-content\/uploads\/2025\/03\/Colins-poster.pdf\"> <\/a>Colin Tosh posztere: A talaj szerves sz\u00e9n-dioxid-kibocs\u00e1t\u00e1s\u00e1nak \u00e9s a biol\u00f3giai sokf\u00e9les\u00e9g el\u0151rejelz\u00e9s\u00e9nek automatiz\u00e1l\u00e1sa<\/p>\n\n\n\n<p><a href=\"https:\/\/agroreforest.eu\/wp-content\/uploads\/2025\/03\/Comparative-carbon-stock-quantification-in-diverse-production-system_BBG_UCPH.pdf\">Let\u00f6lt\u00e9s <\/a>\u00d6sszehasonl\u00edt\u00f3 sz\u00e9nk\u00e9szlet-sz\u00e1mszer\u0171s\u00edt\u00e9s k\u00fcl\u00f6nb\u00f6z\u0151 termel\u00e9si rendszerekben.<\/p>\n\n\n\n<p><a href=\"https:\/\/agroreforest.eu\/wp-content\/uploads\/2025\/03\/Carbon-Farming-Summit-abstract-poster-Albert-M.-Colom-Bauza-UCPH.pdf\">Let\u00f6lt\u00e9s <\/a>Carbon Farming Summit absztrakt poszter Albert M. Colom Bauza - UCPH.<\/p>\n\n\n\n<div class=\"wp-block-columns is-layout-flex wp-container-core-columns-is-layout-28f84493 wp-block-columns-is-layout-flex\">\n<div class=\"wp-block-column is-layout-flow wp-block-column-is-layout-flow\">\n<figure class=\"wp-block-image size-full\"><img fetchpriority=\"high\" decoding=\"async\" width=\"553\" height=\"415\" src=\"https:\/\/agroreforest.eu\/wp-content\/uploads\/2025\/03\/ReForest-at-the-European-Carbon-Farming-Summit-Shaping-the-Future-of-Agroforestry-in-Carbon-Farming-1.jpg\" alt=\"\" class=\"wp-image-3705\" srcset=\"https:\/\/agroreforest.eu\/wp-content\/uploads\/2025\/03\/ReForest-at-the-European-Carbon-Farming-Summit-Shaping-the-Future-of-Agroforestry-in-Carbon-Farming-1.jpg 553w, https:\/\/agroreforest.eu\/wp-content\/uploads\/2025\/03\/ReForest-at-the-European-Carbon-Farming-Summit-Shaping-the-Future-of-Agroforestry-in-Carbon-Farming-1-300x225.jpg 300w, https:\/\/agroreforest.eu\/wp-content\/uploads\/2025\/03\/ReForest-at-the-European-Carbon-Farming-Summit-Shaping-the-Future-of-Agroforestry-in-Carbon-Farming-1-16x12.jpg 16w\" sizes=\"(max-width: 553px) 100vw, 553px\" \/><\/figure>\n<\/div>\n\n\n\n<div class=\"wp-block-column is-layout-flow wp-block-column-is-layout-flow\">\n<figure class=\"wp-block-image size-full\"><img decoding=\"async\" width=\"561\" height=\"421\" src=\"https:\/\/agroreforest.eu\/wp-content\/uploads\/2025\/03\/ReForest-at-the-European-Carbon-Farming-Summit-Shaping-the-Future-of-Agroforestry-in-Carbon-Farming-2.jpg\" alt=\"\" class=\"wp-image-3706\" srcset=\"https:\/\/agroreforest.eu\/wp-content\/uploads\/2025\/03\/ReForest-at-the-European-Carbon-Farming-Summit-Shaping-the-Future-of-Agroforestry-in-Carbon-Farming-2.jpg 561w, https:\/\/agroreforest.eu\/wp-content\/uploads\/2025\/03\/ReForest-at-the-European-Carbon-Farming-Summit-Shaping-the-Future-of-Agroforestry-in-Carbon-Farming-2-300x225.jpg 300w, https:\/\/agroreforest.eu\/wp-content\/uploads\/2025\/03\/ReForest-at-the-European-Carbon-Farming-Summit-Shaping-the-Future-of-Agroforestry-in-Carbon-Farming-2-16x12.jpg 16w\" sizes=\"(max-width: 561px) 100vw, 561px\" \/><\/figure>\n<\/div>\n<\/div>","protected":false},"excerpt":{"rendered":"<p>Carbon farming is rapidly evolving as a key climate action tool, and agroforestry is now formally recognized in the EU Carbon Removals Certification Framework Regulation (2024\/3012). However, ensuring credible, transparent, [&hellip;]<\/p>\n","protected":false},"author":1,"featured_media":3703,"comment_status":"closed","ping_status":"closed","sticky":false,"template":"","format":"standard","meta":{"site-sidebar-layout":"default","site-content-layout":"","ast-site-content-layout":"default","site-content-style":"default","site-sidebar-style":"default","ast-global-header-display":"","ast-banner-title-visibility":"","ast-main-header-display":"","ast-hfb-above-header-display":"","ast-hfb-below-header-display":"","ast-hfb-mobile-header-display":"","site-post-title":"","ast-breadcrumbs-content":"","ast-featured-img":"","footer-sml-layout":"","ast-disable-related-posts":"","theme-transparent-header-meta":"","adv-header-id-meta":"","stick-header-meta":"","header-above-stick-meta":"","header-main-stick-meta":"","header-below-stick-meta":"","astra-migrate-meta-layouts":"set","ast-page-background-enabled":"default","ast-page-background-meta":{"desktop":{"background-color":"","background-image":"","background-repeat":"repeat","background-position":"center center","background-size":"auto","background-attachment":"scroll","background-type":"","background-media":"","overlay-type":"","overlay-color":"","overlay-opacity":"","overlay-gradient":""},"tablet":{"background-color":"","background-image":"","background-repeat":"repeat","background-position":"center center","background-size":"auto","background-attachment":"scroll","background-type":"","background-media":"","overlay-type":"","overlay-color":"","overlay-opacity":"","overlay-gradient":""},"mobile":{"background-color":"","background-image":"","background-repeat":"repeat","background-position":"center center","background-size":"auto","background-attachment":"scroll","background-type":"","background-media":"","overlay-type":"","overlay-color":"","overlay-opacity":"","overlay-gradient":""}},"ast-content-background-meta":{"desktop":{"background-color":"var(--ast-global-color-4)","background-image":"","background-repeat":"repeat","background-position":"center center","background-size":"auto","background-attachment":"scroll","background-type":"","background-media":"","overlay-type":"","overlay-color":"","overlay-opacity":"","overlay-gradient":""},"tablet":{"background-color":"var(--ast-global-color-4)","background-image":"","background-repeat":"repeat","background-position":"center center","background-size":"auto","background-attachment":"scroll","background-type":"","background-media":"","overlay-type":"","overlay-color":"","overlay-opacity":"","overlay-gradient":""},"mobile":{"background-color":"var(--ast-global-color-4)","background-image":"","background-repeat":"repeat","background-position":"center center","background-size":"auto","background-attachment":"scroll","background-type":"","background-media":"","overlay-type":"","overlay-color":"","overlay-opacity":"","overlay-gradient":""}},"wds_primary_category":0,"footnotes":""},"categories":[1],"tags":[],"class_list":["post-3700","post","type-post","status-publish","format-standard","has-post-thumbnail","hentry","category-uncategorized"],"_links":{"self":[{"href":"http:\/\/agroreforest.eu\/hu\/wp-json\/wp\/v2\/posts\/3700","targetHints":{"allow":["GET"]}}],"collection":[{"href":"http:\/\/agroreforest.eu\/hu\/wp-json\/wp\/v2\/posts"}],"about":[{"href":"http:\/\/agroreforest.eu\/hu\/wp-json\/wp\/v2\/types\/post"}],"author":[{"embeddable":true,"href":"http:\/\/agroreforest.eu\/hu\/wp-json\/wp\/v2\/users\/1"}],"replies":[{"embeddable":true,"href":"http:\/\/agroreforest.eu\/hu\/wp-json\/wp\/v2\/comments?post=3700"}],"version-history":[{"count":3,"href":"http:\/\/agroreforest.eu\/hu\/wp-json\/wp\/v2\/posts\/3700\/revisions"}],"predecessor-version":[{"id":3728,"href":"http:\/\/agroreforest.eu\/hu\/wp-json\/wp\/v2\/posts\/3700\/revisions\/3728"}],"wp:featuredmedia":[{"embeddable":true,"href":"http:\/\/agroreforest.eu\/hu\/wp-json\/wp\/v2\/media\/3703"}],"wp:attachment":[{"href":"http:\/\/agroreforest.eu\/hu\/wp-json\/wp\/v2\/media?parent=3700"}],"wp:term":[{"taxonomy":"category","embeddable":true,"href":"http:\/\/agroreforest.eu\/hu\/wp-json\/wp\/v2\/categories?post=3700"},{"taxonomy":"post_tag","embeddable":true,"href":"http:\/\/agroreforest.eu\/hu\/wp-json\/wp\/v2\/tags?post=3700"}],"curies":[{"name":"wp","href":"https:\/\/api.w.org\/{rel}","templated":true}]}}